{"id":273192,"date":"2025-03-11T12:17:28","date_gmt":"2025-03-11T12:17:28","guid":{"rendered":"https:\/\/museros.org\/inici\/?p=273192"},"modified":"2025-03-11T12:18:29","modified_gmt":"2025-03-11T12:18:29","slug":"acto-institucional-8m","status":"publish","type":"post","link":"https:\/\/museros.org\/inici\/es\/acto-institucional-8m\/","title":{"rendered":"Acto institucional 8M"},"content":{"rendered":"\n<p>El pasado s\u00e1bado, 8 de marzo, desde el Ajuntament de Museros, alzamos la voz una<br>vez m\u00e1s por la igualdad de derechos entre mujeres y hombres.<br>El acto institucional fue un espacio para recordar que la lucha feminista contin\u00faa, con la<br>lectura del manifiesto.<br>Gracias a todas las personas que se unieron para construir un Museros m\u00e1s justo,<br>igualitario y libre de violencias machistas.<br>Porque la igualdad no es una opci\u00f3n, es un derecho.<br>\ud83d\udc9c Siempre feministas, siempre juntas.<\/p>\n","protected":false},"excerpt":{"rendered":"<p>El pasado s\u00e1bado, 8 de marzo, desde el Ajuntament de Museros, alzamos la voz unavez m\u00e1s por la igualdad de derechos entre mujeres y hombres.El acto institucional fue un espacio para recordar que la lucha feminista contin\u00faa, con lalectura del manifiesto.Gracias a todas las personas que se unieron para construir un Museros m\u00e1s justo,igualitario y [&hellip;]<\/p>\n","protected":false},"author":8,"featured_media":273190,"comment_status":"closed","ping_status":"closed","sticky":false,"template":"","format":"standard","meta":{"_et_pb_use_builder":"","_et_pb_old_content":"","_et_gb_content_width":"","footnotes":""},"categories":[1150],"tags":[],"wf_post_folders":[182,266],"class_list":["post-273192","post","type-post","status-publish","format-standard","has-post-thumbnail","hentry","category-igualdad-de-genero"],"_links":{"self":[{"href":"https:\/\/museros.org\/inici\/wp-json\/wp\/v2\/posts\/273192","targetHints":{"allow":["GET"]}}],"collection":[{"href":"https:\/\/museros.org\/inici\/wp-json\/wp\/v2\/posts"}],"about":[{"href":"https:\/\/museros.org\/inici\/wp-json\/wp\/v2\/types\/post"}],"author":[{"embeddable":true,"href":"https:\/\/museros.org\/inici\/wp-json\/wp\/v2\/users\/8"}],"replies":[{"embeddable":true,"href":"https:\/\/museros.org\/inici\/wp-json\/wp\/v2\/comments?post=273192"}],"version-history":[{"count":1,"href":"https:\/\/museros.org\/inici\/wp-json\/wp\/v2\/posts\/273192\/revisions"}],"predecessor-version":[{"id":273193,"href":"https:\/\/museros.org\/inici\/wp-json\/wp\/v2\/posts\/273192\/revisions\/273193"}],"wp:featuredmedia":[{"embeddable":true,"href":"https:\/\/museros.org\/inici\/wp-json\/wp\/v2\/media\/273190"}],"wp:attachment":[{"href":"https:\/\/museros.org\/inici\/wp-json\/wp\/v2\/media?parent=273192"}],"wp:term":[{"taxonomy":"category","embeddable":true,"href":"https:\/\/museros.org\/inici\/wp-json\/wp\/v2\/categories?post=273192"},{"taxonomy":"post_tag","embeddable":true,"href":"https:\/\/museros.org\/inici\/wp-json\/wp\/v2\/tags?post=273192"},{"taxonomy":"wf_post_folders","embeddable":true,"href":"https:\/\/museros.org\/inici\/wp-json\/wp\/v2\/wf_post_folders?post=273192"}],"curies":[{"name":"wp","href":"https:\/\/api.w.org\/{rel}","templated":true}]}}