{"id":273189,"date":"2025-03-11T12:14:55","date_gmt":"2025-03-11T12:14:55","guid":{"rendered":"https:\/\/museros.org\/inici\/?p=273189"},"modified":"2025-03-11T12:18:02","modified_gmt":"2025-03-11T12:18:02","slug":"acte-institucional-8m","status":"publish","type":"post","link":"https:\/\/museros.org\/inici\/acte-institucional-8m\/","title":{"rendered":"Acte institucional 8M"},"content":{"rendered":"\n<p>El passat dissabte 8 de mar\u00e7, des de l\u2019Ajuntament de Museros, al\u00e7arem la veu una<br>vegada m\u00e9s per la igualtat de drets entre dones i homes.<br>L\u2019acte institucional va ser un espai per recordar que la lluita feminista continua, amb la<br>lectura del manifest.<br>Gr\u00e0cies a totes les persones que es varen unir per construir un Museros m\u00e9s just,<br>igualitari i lliure de viol\u00e8ncies masclistes.<br>Perqu\u00e8 la igualtat no \u00e9s una opci\u00f3, \u00e9s un dret.<br>\ud83d\udc9c Sempre feministes, sempre juntes.<\/p>\n","protected":false},"excerpt":{"rendered":"<p>El passat dissabte 8 de mar\u00e7, des de l\u2019Ajuntament de Museros, al\u00e7arem la veu unavegada m\u00e9s per la igualtat de drets entre dones i homes.L\u2019acte institucional va ser un espai per recordar que la lluita feminista continua, amb lalectura del manifest.Gr\u00e0cies a totes les persones que es varen unir per construir un Museros m\u00e9s just,igualitari [&hellip;]<\/p>\n","protected":false},"author":8,"featured_media":273190,"comment_status":"closed","ping_status":"closed","sticky":false,"template":"","format":"standard","meta":{"_et_pb_use_builder":"","_et_pb_old_content":"","_et_gb_content_width":"","footnotes":""},"categories":[1103],"tags":[],"wf_post_folders":[182,266],"class_list":["post-273189","post","type-post","status-publish","format-standard","has-post-thumbnail","hentry","category-igualtat-de-genere"],"_links":{"self":[{"href":"https:\/\/museros.org\/inici\/wp-json\/wp\/v2\/posts\/273189","targetHints":{"allow":["GET"]}}],"collection":[{"href":"https:\/\/museros.org\/inici\/wp-json\/wp\/v2\/posts"}],"about":[{"href":"https:\/\/museros.org\/inici\/wp-json\/wp\/v2\/types\/post"}],"author":[{"embeddable":true,"href":"https:\/\/museros.org\/inici\/wp-json\/wp\/v2\/users\/8"}],"replies":[{"embeddable":true,"href":"https:\/\/museros.org\/inici\/wp-json\/wp\/v2\/comments?post=273189"}],"version-history":[{"count":1,"href":"https:\/\/museros.org\/inici\/wp-json\/wp\/v2\/posts\/273189\/revisions"}],"predecessor-version":[{"id":273191,"href":"https:\/\/museros.org\/inici\/wp-json\/wp\/v2\/posts\/273189\/revisions\/273191"}],"wp:featuredmedia":[{"embeddable":true,"href":"https:\/\/museros.org\/inici\/wp-json\/wp\/v2\/media\/273190"}],"wp:attachment":[{"href":"https:\/\/museros.org\/inici\/wp-json\/wp\/v2\/media?parent=273189"}],"wp:term":[{"taxonomy":"category","embeddable":true,"href":"https:\/\/museros.org\/inici\/wp-json\/wp\/v2\/categories?post=273189"},{"taxonomy":"post_tag","embeddable":true,"href":"https:\/\/museros.org\/inici\/wp-json\/wp\/v2\/tags?post=273189"},{"taxonomy":"wf_post_folders","embeddable":true,"href":"https:\/\/museros.org\/inici\/wp-json\/wp\/v2\/wf_post_folders?post=273189"}],"curies":[{"name":"wp","href":"https:\/\/api.w.org\/{rel}","templated":true}]}}