{"id":273167,"date":"2025-03-03T15:19:57","date_gmt":"2025-03-03T15:19:57","guid":{"rendered":"https:\/\/museros.org\/inici\/?p=273167"},"modified":"2025-03-03T15:34:13","modified_gmt":"2025-03-03T15:34:13","slug":"crida-2025","status":"publish","type":"post","link":"https:\/\/museros.org\/inici\/crida-2025\/","title":{"rendered":"Crida 2025"},"content":{"rendered":"\n<p>Ahir, dos de mar\u00e7, des del balc\u00f3 de l\u2019Ajuntament hem donat inici a les Falles 2025!. Els m\u00e0xims representants de les falles la Falla de Museros i la Falla el Castell de Museros juntament amb l\u2019alcaldessa Cristina Civera, han convidat a tot el poble de Museros ha gaudir de la millor festa del m\u00f3n amb respecte, toler\u00e0ncia i germanor!<br>A continuaci\u00f3, totes les falles de l&#8217;Agrupaci\u00f3 falles de l&#8217;Horta Nord han desfilat pels carrers del nostre poble per a celebrar l\u2019Encontr\u00e0 a c\u00e0rrec de la falla de Museros.<\/p>\n","protected":false},"excerpt":{"rendered":"<p>Ahir, dos de mar\u00e7, des del balc\u00f3 de l\u2019Ajuntament hem donat inici a les Falles 2025!. Els m\u00e0xims representants de les falles la Falla de Museros i la Falla el Castell de Museros juntament amb l\u2019alcaldessa Cristina Civera, han convidat a tot el poble de Museros ha gaudir de la millor festa del m\u00f3n amb [&hellip;]<\/p>\n","protected":false},"author":8,"featured_media":273171,"comment_status":"closed","ping_status":"closed","sticky":false,"template":"","format":"standard","meta":{"_et_pb_use_builder":"","_et_pb_old_content":"","_et_gb_content_width":"","footnotes":""},"categories":[1628],"tags":[],"wf_post_folders":[1241],"class_list":["post-273167","post","type-post","status-publish","format-standard","has-post-thumbnail","hentry","category-festes"],"_links":{"self":[{"href":"https:\/\/museros.org\/inici\/wp-json\/wp\/v2\/posts\/273167","targetHints":{"allow":["GET"]}}],"collection":[{"href":"https:\/\/museros.org\/inici\/wp-json\/wp\/v2\/posts"}],"about":[{"href":"https:\/\/museros.org\/inici\/wp-json\/wp\/v2\/types\/post"}],"author":[{"embeddable":true,"href":"https:\/\/museros.org\/inici\/wp-json\/wp\/v2\/users\/8"}],"replies":[{"embeddable":true,"href":"https:\/\/museros.org\/inici\/wp-json\/wp\/v2\/comments?post=273167"}],"version-history":[{"count":6,"href":"https:\/\/museros.org\/inici\/wp-json\/wp\/v2\/posts\/273167\/revisions"}],"predecessor-version":[{"id":273180,"href":"https:\/\/museros.org\/inici\/wp-json\/wp\/v2\/posts\/273167\/revisions\/273180"}],"wp:featuredmedia":[{"embeddable":true,"href":"https:\/\/museros.org\/inici\/wp-json\/wp\/v2\/media\/273171"}],"wp:attachment":[{"href":"https:\/\/museros.org\/inici\/wp-json\/wp\/v2\/media?parent=273167"}],"wp:term":[{"taxonomy":"category","embeddable":true,"href":"https:\/\/museros.org\/inici\/wp-json\/wp\/v2\/categories?post=273167"},{"taxonomy":"post_tag","embeddable":true,"href":"https:\/\/museros.org\/inici\/wp-json\/wp\/v2\/tags?post=273167"},{"taxonomy":"wf_post_folders","embeddable":true,"href":"https:\/\/museros.org\/inici\/wp-json\/wp\/v2\/wf_post_folders?post=273167"}],"curies":[{"name":"wp","href":"https:\/\/api.w.org\/{rel}","templated":true}]}}