{"id":272886,"date":"2025-02-06T12:13:12","date_gmt":"2025-02-06T12:13:12","guid":{"rendered":"https:\/\/museros.org\/inici\/?p=272886"},"modified":"2025-02-11T12:15:32","modified_gmt":"2025-02-11T12:15:32","slug":"a-museros-diem-si-al-valencia","status":"publish","type":"post","link":"https:\/\/museros.org\/inici\/a-museros-diem-si-al-valencia\/","title":{"rendered":"A Museros, diem S\u00cd al valenci\u00e0!"},"content":{"rendered":"\n<p>El valenci\u00e0 \u00e9s molt m\u00e9s que una llengua, \u00e9s part del nostre dia a dia, de la nostra cultura i de qui som. Per aix\u00f2, des de l\u2019Ajuntament de Museros, impulsem l\u2019\u00fas del valenci\u00e0 en tots els \u00e0mbits. Participa amb nosaltres i digues S\u00cd al valenci\u00e0.<\/p>\n","protected":false},"excerpt":{"rendered":"<p>El valenci\u00e0 \u00e9s molt m\u00e9s que una llengua, \u00e9s part del nostre dia a dia, de la nostra cultura i de qui som. Per aix\u00f2, des de l\u2019Ajuntament de Museros, impulsem l\u2019\u00fas del valenci\u00e0 en tots els \u00e0mbits. Participa amb nosaltres i digues S\u00cd al valenci\u00e0.<\/p>\n","protected":false},"author":8,"featured_media":272914,"comment_status":"closed","ping_status":"closed","sticky":false,"template":"","format":"standard","meta":{"_et_pb_use_builder":"","_et_pb_old_content":"","_et_gb_content_width":"","footnotes":""},"categories":[1743],"tags":[],"wf_post_folders":[1285],"class_list":["post-272886","post","type-post","status-publish","format-standard","has-post-thumbnail","hentry","category-promocio-linguistica"],"_links":{"self":[{"href":"https:\/\/museros.org\/inici\/wp-json\/wp\/v2\/posts\/272886","targetHints":{"allow":["GET"]}}],"collection":[{"href":"https:\/\/museros.org\/inici\/wp-json\/wp\/v2\/posts"}],"about":[{"href":"https:\/\/museros.org\/inici\/wp-json\/wp\/v2\/types\/post"}],"author":[{"embeddable":true,"href":"https:\/\/museros.org\/inici\/wp-json\/wp\/v2\/users\/8"}],"replies":[{"embeddable":true,"href":"https:\/\/museros.org\/inici\/wp-json\/wp\/v2\/comments?post=272886"}],"version-history":[{"count":3,"href":"https:\/\/museros.org\/inici\/wp-json\/wp\/v2\/posts\/272886\/revisions"}],"predecessor-version":[{"id":272917,"href":"https:\/\/museros.org\/inici\/wp-json\/wp\/v2\/posts\/272886\/revisions\/272917"}],"wp:featuredmedia":[{"embeddable":true,"href":"https:\/\/museros.org\/inici\/wp-json\/wp\/v2\/media\/272914"}],"wp:attachment":[{"href":"https:\/\/museros.org\/inici\/wp-json\/wp\/v2\/media?parent=272886"}],"wp:term":[{"taxonomy":"category","embeddable":true,"href":"https:\/\/museros.org\/inici\/wp-json\/wp\/v2\/categories?post=272886"},{"taxonomy":"post_tag","embeddable":true,"href":"https:\/\/museros.org\/inici\/wp-json\/wp\/v2\/tags?post=272886"},{"taxonomy":"wf_post_folders","embeddable":true,"href":"https:\/\/museros.org\/inici\/wp-json\/wp\/v2\/wf_post_folders?post=272886"}],"curies":[{"name":"wp","href":"https:\/\/api.w.org\/{rel}","templated":true}]}}