{"id":268447,"date":"2024-04-09T10:44:43","date_gmt":"2024-04-09T10:44:43","guid":{"rendered":"https:\/\/museros.org\/inici\/?p=268447"},"modified":"2024-04-10T10:48:24","modified_gmt":"2024-04-10T10:48:24","slug":"sant-vicent-2024-2","status":"publish","type":"post","link":"https:\/\/museros.org\/inici\/es\/sant-vicent-2024-2\/","title":{"rendered":"Sant Vicent 2024"},"content":{"rendered":"\n<p><strong>Museros celebra una semana las festividades en honor a Sant Vicent<\/strong><\/p>\n\n\n\n<p>Como cada a\u00f1o, el municipio valenciano de Museros ha podido celebrar durante toda una semana las festividades en honor a Sant Vicent con una programaci\u00f3n muy variada que ha destacado, una vez m\u00e1s, la riqueza cultural y las tradiciones del municipio.<br>El evento comenz\u00f3 con diferentes actividades culturales los d\u00edas 2, 3 y 4 de abril. Durante estos d\u00edas, los asistentes tuvieron la oportunidad de aprender y disfrutar de la m\u00fasica tradicional valenciana a trav\u00e9s de talleres de tabal y dol\u00e7aina, as\u00ed como de danza popular.<\/p>\n\n\n\n<p><a href=\"https:\/\/www.elmeridiano.es\/museros-celebra-una-semana-las-festividades-en-honor-a-sant-vicent\/\" data-type=\"link\" data-id=\"https:\/\/www.elmeridiano.es\/museros-celebra-una-semana-las-festividades-en-honor-a-sant-vicent\/\">Leer la noticia completa<\/a><\/p>\n","protected":false},"excerpt":{"rendered":"<p>Como cada a\u00f1o, el municipio valenciano de Museros ha podido celebrar durante toda una semana las festividades en honor a Sant Vicent con una programaci\u00f3n muy variada que ha destacado, una vez m\u00e1s, la riqueza cultural y las tradiciones del municipio<\/p>\n","protected":false},"author":8,"featured_media":268430,"comment_status":"closed","ping_status":"closed","sticky":false,"template":"","format":"standard","meta":{"_et_pb_use_builder":"off","_et_pb_old_content":"","_et_gb_content_width":"1080","footnotes":""},"categories":[1630],"tags":[],"wf_post_folders":[1234,1241],"class_list":["post-268447","post","type-post","status-publish","format-standard","has-post-thumbnail","hentry","category-fiestas"],"_links":{"self":[{"href":"https:\/\/museros.org\/inici\/wp-json\/wp\/v2\/posts\/268447","targetHints":{"allow":["GET"]}}],"collection":[{"href":"https:\/\/museros.org\/inici\/wp-json\/wp\/v2\/posts"}],"about":[{"href":"https:\/\/museros.org\/inici\/wp-json\/wp\/v2\/types\/post"}],"author":[{"embeddable":true,"href":"https:\/\/museros.org\/inici\/wp-json\/wp\/v2\/users\/8"}],"replies":[{"embeddable":true,"href":"https:\/\/museros.org\/inici\/wp-json\/wp\/v2\/comments?post=268447"}],"version-history":[{"count":2,"href":"https:\/\/museros.org\/inici\/wp-json\/wp\/v2\/posts\/268447\/revisions"}],"predecessor-version":[{"id":268449,"href":"https:\/\/museros.org\/inici\/wp-json\/wp\/v2\/posts\/268447\/revisions\/268449"}],"wp:featuredmedia":[{"embeddable":true,"href":"https:\/\/museros.org\/inici\/wp-json\/wp\/v2\/media\/268430"}],"wp:attachment":[{"href":"https:\/\/museros.org\/inici\/wp-json\/wp\/v2\/media?parent=268447"}],"wp:term":[{"taxonomy":"category","embeddable":true,"href":"https:\/\/museros.org\/inici\/wp-json\/wp\/v2\/categories?post=268447"},{"taxonomy":"post_tag","embeddable":true,"href":"https:\/\/museros.org\/inici\/wp-json\/wp\/v2\/tags?post=268447"},{"taxonomy":"wf_post_folders","embeddable":true,"href":"https:\/\/museros.org\/inici\/wp-json\/wp\/v2\/wf_post_folders?post=268447"}],"curies":[{"name":"wp","href":"https:\/\/api.w.org\/{rel}","templated":true}]}}