{"id":268443,"date":"2024-03-12T10:39:09","date_gmt":"2024-03-12T10:39:09","guid":{"rendered":"https:\/\/museros.org\/inici\/?p=268443"},"modified":"2024-04-10T10:51:05","modified_gmt":"2024-04-10T10:51:05","slug":"igualdad-en-fallas","status":"publish","type":"post","link":"https:\/\/museros.org\/inici\/es\/igualdad-en-fallas\/","title":{"rendered":"Igualdad en Fallas"},"content":{"rendered":"\n<p><strong>El Ayuntamiento de Museros promueve la igualdad en Fallas<\/strong><\/p>\n\n\n\n<p>La Concejal\u00eda de Igualdad ha regalado un pa\u00f1uelo fallero a las Comisiones con un mensaje reivindicativo.<br>En la localidad de Museros, estas Fallas 2024, tanto el Ayuntamiento como las comisiones falleras del municipio han querido apostar, una vez m\u00e1s, por la igualdad. En esta ocasi\u00f3n, la colaboraci\u00f3n entre la instituci\u00f3n p\u00fablica y las dos comisiones falleras del municipio, La Falla de Museros y la Falla el Castell, se ha visibilizado con el reparto de una de las prendas caracter\u00edsticas de estas fiestas: el pa\u00f1uelo fallero.<\/p>\n\n\n\n<p><a href=\"https:\/\/www.elmeridiano.es\/el-ayuntamiento-de-museros-promueve-la-igualdad-en-fallas\/\">Leer la noticia completa<\/a><\/p>\n","protected":false},"excerpt":{"rendered":"<p>La Concejal\u00eda de Igualdad ha regalado un pa\u00f1uelo fallero a las Comisiones con un mensaje reivindicativo. En la localidad de Museros, estas Fallas 2024, tanto el Ayuntamiento como las comisiones falleras del municipio han querido apostar, una vez m\u00e1s, por la igualdad.<\/p>\n","protected":false},"author":8,"featured_media":268432,"comment_status":"closed","ping_status":"closed","sticky":false,"template":"","format":"standard","meta":{"_et_pb_use_builder":"off","_et_pb_old_content":"","_et_gb_content_width":"1080","footnotes":""},"categories":[1637],"tags":[],"wf_post_folders":[266],"class_list":["post-268443","post","type-post","status-publish","format-standard","has-post-thumbnail","hentry","category-igualdad"],"_links":{"self":[{"href":"https:\/\/museros.org\/inici\/wp-json\/wp\/v2\/posts\/268443","targetHints":{"allow":["GET"]}}],"collection":[{"href":"https:\/\/museros.org\/inici\/wp-json\/wp\/v2\/posts"}],"about":[{"href":"https:\/\/museros.org\/inici\/wp-json\/wp\/v2\/types\/post"}],"author":[{"embeddable":true,"href":"https:\/\/museros.org\/inici\/wp-json\/wp\/v2\/users\/8"}],"replies":[{"embeddable":true,"href":"https:\/\/museros.org\/inici\/wp-json\/wp\/v2\/comments?post=268443"}],"version-history":[{"count":1,"href":"https:\/\/museros.org\/inici\/wp-json\/wp\/v2\/posts\/268443\/revisions"}],"predecessor-version":[{"id":268444,"href":"https:\/\/museros.org\/inici\/wp-json\/wp\/v2\/posts\/268443\/revisions\/268444"}],"wp:featuredmedia":[{"embeddable":true,"href":"https:\/\/museros.org\/inici\/wp-json\/wp\/v2\/media\/268432"}],"wp:attachment":[{"href":"https:\/\/museros.org\/inici\/wp-json\/wp\/v2\/media?parent=268443"}],"wp:term":[{"taxonomy":"category","embeddable":true,"href":"https:\/\/museros.org\/inici\/wp-json\/wp\/v2\/categories?post=268443"},{"taxonomy":"post_tag","embeddable":true,"href":"https:\/\/museros.org\/inici\/wp-json\/wp\/v2\/tags?post=268443"},{"taxonomy":"wf_post_folders","embeddable":true,"href":"https:\/\/museros.org\/inici\/wp-json\/wp\/v2\/wf_post_folders?post=268443"}],"curies":[{"name":"wp","href":"https:\/\/api.w.org\/{rel}","templated":true}]}}