{"id":268440,"date":"2024-03-12T10:35:40","date_gmt":"2024-03-12T10:35:40","guid":{"rendered":"https:\/\/museros.org\/inici\/?p=268440"},"modified":"2024-04-10T10:51:43","modified_gmt":"2024-04-10T10:51:43","slug":"igualtat-en-falles","status":"publish","type":"post","link":"https:\/\/museros.org\/inici\/igualtat-en-falles\/","title":{"rendered":"Igualtat en Falles"},"content":{"rendered":"\n<p><strong>L&#8217;Ajuntament de Museros promou la igualtat en Falles<\/strong><\/p>\n\n\n\n<p>La Regidoria d&#8217;Igualtat ha regalat un mocador faller a les Comissions amb un missatge reivindicatiu.<br>En la localitat de Museros, estes Falles 2024, tant l&#8217;Ajuntament com les comissions falleres del municipi han volgut apostar, una vegada m\u00e9s, per la igualtat. En esta ocasi\u00f3, la col\u00b7laboraci\u00f3 entre la instituci\u00f3 p\u00fablica i les dos comissions falleres del municipi, La Falla de Museros i la Falla el Castell, s&#8217;ha visibilitzat amb el repartiment d&#8217;una de les peces caracter\u00edstiques d&#8217;estes festes: el mocador faller.<\/p>\n\n\n\n<p><a href=\"https:\/\/www.elmeridiano.es\/el-ayuntamiento-de-museros-promueve-la-igualdad-en-fallas\/\" data-type=\"link\" data-id=\"https:\/\/www.elmeridiano.es\/el-ayuntamiento-de-museros-promueve-la-igualdad-en-fallas\/\">Llegir la not\u00edcia completa<\/a><\/p>\n","protected":false},"excerpt":{"rendered":"<p>La Regidoria d&#8217;Igualtat ha regalat un mocador faller a les Comissions amb un missatge reivindicatiu. En la localitat de Museros, estes Falles 2024, tant l&#8217;Ajuntament com les comissions falleres del municipi han volgut apostar, una vegada m\u00e9s, per la igualtat.<\/p>\n","protected":false},"author":8,"featured_media":268432,"comment_status":"closed","ping_status":"closed","sticky":false,"template":"","format":"standard","meta":{"_et_pb_use_builder":"off","_et_pb_old_content":"","_et_gb_content_width":"1080","footnotes":""},"categories":[1635],"tags":[],"wf_post_folders":[266],"class_list":["post-268440","post","type-post","status-publish","format-standard","has-post-thumbnail","hentry","category-igualtat"],"_links":{"self":[{"href":"https:\/\/museros.org\/inici\/wp-json\/wp\/v2\/posts\/268440","targetHints":{"allow":["GET"]}}],"collection":[{"href":"https:\/\/museros.org\/inici\/wp-json\/wp\/v2\/posts"}],"about":[{"href":"https:\/\/museros.org\/inici\/wp-json\/wp\/v2\/types\/post"}],"author":[{"embeddable":true,"href":"https:\/\/museros.org\/inici\/wp-json\/wp\/v2\/users\/8"}],"replies":[{"embeddable":true,"href":"https:\/\/museros.org\/inici\/wp-json\/wp\/v2\/comments?post=268440"}],"version-history":[{"count":1,"href":"https:\/\/museros.org\/inici\/wp-json\/wp\/v2\/posts\/268440\/revisions"}],"predecessor-version":[{"id":268441,"href":"https:\/\/museros.org\/inici\/wp-json\/wp\/v2\/posts\/268440\/revisions\/268441"}],"wp:featuredmedia":[{"embeddable":true,"href":"https:\/\/museros.org\/inici\/wp-json\/wp\/v2\/media\/268432"}],"wp:attachment":[{"href":"https:\/\/museros.org\/inici\/wp-json\/wp\/v2\/media?parent=268440"}],"wp:term":[{"taxonomy":"category","embeddable":true,"href":"https:\/\/museros.org\/inici\/wp-json\/wp\/v2\/categories?post=268440"},{"taxonomy":"post_tag","embeddable":true,"href":"https:\/\/museros.org\/inici\/wp-json\/wp\/v2\/tags?post=268440"},{"taxonomy":"wf_post_folders","embeddable":true,"href":"https:\/\/museros.org\/inici\/wp-json\/wp\/v2\/wf_post_folders?post=268440"}],"curies":[{"name":"wp","href":"https:\/\/api.w.org\/{rel}","templated":true}]}}