{"id":268435,"date":"2023-12-12T10:28:23","date_gmt":"2023-12-12T10:28:23","guid":{"rendered":"https:\/\/museros.org\/inici\/?p=268435"},"modified":"2024-04-26T11:19:10","modified_gmt":"2024-04-26T11:19:10","slug":"belen-de-mas-de-1000-figuras","status":"publish","type":"post","link":"https:\/\/museros.org\/inici\/es\/belen-de-mas-de-1000-figuras\/","title":{"rendered":"Bel\u00e9n de 1000 figuras"},"content":{"rendered":"\n<p><strong>Museros bate r\u00e9cord y monta, un a\u00f1o m\u00e1s, su Bel\u00e9n compuesto por 1000 figuras<\/strong><\/p>\n\n\n\n<p>Museros cuenta con uno de los belenes m\u00e1s importantes de la comarca de l\u2019Horta. Este a\u00f1o el Bel\u00e9n, que ocupa una superficie de 40 metros cuadrados, bate r\u00e9cord con m\u00e1s de mil figuras y como novedad cuenta con un impresionante barranco.<br>La asociaci\u00f3n Amics del Betlem de Museros es la encargada de su construcci\u00f3n y montaje. Son seis socios que, a\u00f1o a a\u00f1o, realizan el monumental Bel\u00e9n y al que dedican m\u00e1s de un mes en confeccionarlo. Seg\u00fan explican, \u201ccada a\u00f1o aportamos elementos nuevos, en esta ocasi\u00f3n contamos un impresionante barranco y una nueva cascada\u201d.<\/p>\n\n\n\n<p><a href=\"https:\/\/www.elmeridiano.es\/museros-bate-record-y-monta-un-ano-mas-su-belen-compuesto-por-1000-figuras\/?fbclid=IwAR0Wq1KWQbqMGZT19m0YPW86RffPeRvbiVbiEWhcS8dHOgwVoWMA7GlvxcY_aem_AbnsprkplnNiObQk50edX8O8AzoR4ov661eg2qkSlWOG9qoJvYF7zouie_Sjt4m_3t4\" data-type=\"link\" data-id=\"https:\/\/www.elmeridiano.es\/museros-bate-record-y-monta-un-ano-mas-su-belen-compuesto-por-1000-figuras\/?fbclid=IwAR0Wq1KWQbqMGZT19m0YPW86RffPeRvbiVbiEWhcS8dHOgwVoWMA7GlvxcY_aem_AbnsprkplnNiObQk50edX8O8AzoR4ov661eg2qkSlWOG9qoJvYF7zouie_Sjt4m_3t4\">Leer la noticia completa<\/a><\/p>\n","protected":false},"excerpt":{"rendered":"<p>Museros cuenta con uno de los belenes m\u00e1s importantes de la comarca de l\u2019Horta. Este a\u00f1o el Bel\u00e9n bate r\u00e9cord con m\u00e1s de mil figuras y como novedad cuenta con un impresionante barranco.<\/p>\n","protected":false},"author":8,"featured_media":268431,"comment_status":"closed","ping_status":"closed","sticky":false,"template":"","format":"standard","meta":{"_et_pb_use_builder":"off","_et_pb_old_content":"","_et_gb_content_width":"1080","footnotes":""},"categories":[1283],"tags":[],"wf_post_folders":[1285,1241],"class_list":["post-268435","post","type-post","status-publish","format-standard","has-post-thumbnail","hentry","category-cultura"],"_links":{"self":[{"href":"https:\/\/museros.org\/inici\/wp-json\/wp\/v2\/posts\/268435","targetHints":{"allow":["GET"]}}],"collection":[{"href":"https:\/\/museros.org\/inici\/wp-json\/wp\/v2\/posts"}],"about":[{"href":"https:\/\/museros.org\/inici\/wp-json\/wp\/v2\/types\/post"}],"author":[{"embeddable":true,"href":"https:\/\/museros.org\/inici\/wp-json\/wp\/v2\/users\/8"}],"replies":[{"embeddable":true,"href":"https:\/\/museros.org\/inici\/wp-json\/wp\/v2\/comments?post=268435"}],"version-history":[{"count":3,"href":"https:\/\/museros.org\/inici\/wp-json\/wp\/v2\/posts\/268435\/revisions"}],"predecessor-version":[{"id":268442,"href":"https:\/\/museros.org\/inici\/wp-json\/wp\/v2\/posts\/268435\/revisions\/268442"}],"wp:featuredmedia":[{"embeddable":true,"href":"https:\/\/museros.org\/inici\/wp-json\/wp\/v2\/media\/268431"}],"wp:attachment":[{"href":"https:\/\/museros.org\/inici\/wp-json\/wp\/v2\/media?parent=268435"}],"wp:term":[{"taxonomy":"category","embeddable":true,"href":"https:\/\/museros.org\/inici\/wp-json\/wp\/v2\/categories?post=268435"},{"taxonomy":"post_tag","embeddable":true,"href":"https:\/\/museros.org\/inici\/wp-json\/wp\/v2\/tags?post=268435"},{"taxonomy":"wf_post_folders","embeddable":true,"href":"https:\/\/museros.org\/inici\/wp-json\/wp\/v2\/wf_post_folders?post=268435"}],"curies":[{"name":"wp","href":"https:\/\/api.w.org\/{rel}","templated":true}]}}