{"id":268427,"date":"2023-12-12T10:23:28","date_gmt":"2023-12-12T10:23:28","guid":{"rendered":"https:\/\/museros.org\/inici\/?p=268427"},"modified":"2024-04-26T11:20:35","modified_gmt":"2024-04-26T11:20:35","slug":"betlen-de-1000-figures","status":"publish","type":"post","link":"https:\/\/museros.org\/inici\/betlen-de-1000-figures\/","title":{"rendered":"Betlem de 1000 figures"},"content":{"rendered":"[et_pb_section admin_label=\u00bbsection\u00bb]\n\t\t\t[et_pb_row admin_label=\u00bbrow\u00bb]\n\t\t\t\t[et_pb_column type=\u00bb4_4&#8243;][et_pb_text admin_label=\u00bbText\u00bb]\n<p><strong>Museros bat r\u00e8cord i munta, un any m\u00e9s, el seu Betlem compost per 1000 figures<\/strong><\/p>\n\n\n\n<p>Museros compta amb un dels pesebres m\u00e9s importants de la comarca de l&#8217;Horta. Enguany el Betlem, que ocupa una superf\u00edcie de 40 metres quadrats, bat r\u00e8cord amb m\u00e9s de mil figures i com a novetat compta amb un impressionant barranc.<br>L&#8217;associaci\u00f3 Amics del Betlem de Museros \u00e9s l&#8217;encarregada de la seua construcci\u00f3 i muntatge. S\u00f3n sis socis que, any a any, realitzen el monumental Betlem i al qual dediquen m\u00e9s d&#8217;un mes a confeccionar-lo. Segons expliquen, \u201ccada any aportem elements nous, en esta ocasi\u00f3 comptem un impressionant barranc i una nova cascada\u201d.<\/p>\n\n\n\n<p><a href=\"https:\/\/www.elmeridiano.es\/museros-bate-record-y-monta-un-ano-mas-su-belen-compuesto-por-1000-figuras\/?fbclid=IwAR0Wq1KWQbqMGZT19m0YPW86RffPeRvbiVbiEWhcS8dHOgwVoWMA7GlvxcY_aem_AbnsprkplnNiObQk50edX8O8AzoR4ov661eg2qkSlWOG9qoJvYF7zouie_Sjt4m_3t4\" data-type=\"link\" data-id=\"https:\/\/www.elmeridiano.es\/museros-bate-record-y-monta-un-ano-mas-su-belen-compuesto-por-1000-figuras\/?fbclid=IwAR0Wq1KWQbqMGZT19m0YPW86RffPeRvbiVbiEWhcS8dHOgwVoWMA7GlvxcY_aem_AbnsprkplnNiObQk50edX8O8AzoR4ov661eg2qkSlWOG9qoJvYF7zouie_Sjt4m_3t4\">Llegir la not\u00edcia completa<\/a><\/p>\n[\/et_pb_text][\/et_pb_column]\n\t\t\t[\/et_pb_row]\n\t\t[\/et_pb_section]","protected":false},"excerpt":{"rendered":"<p>Museros compta amb un dels pesebres m\u00e9s importants de la comarca de l&#8217;Horta. Enguany el Betlem bat r\u00e8cord amb m\u00e9s de mil figures i com a novetat compta amb un impressionant barranc.<\/p>\n","protected":false},"author":8,"featured_media":268431,"comment_status":"closed","ping_status":"closed","sticky":false,"template":"","format":"standard","meta":{"_et_pb_use_builder":"on","_et_pb_old_content":"<!-- wp:paragraph -->\n<p><strong>Museros bat r\u00e8cord i munta, un any m\u00e9s, el seu Betlem compost per 1000 figures<\/strong><\/p>\n<!-- \/wp:paragraph -->\n\n<!-- wp:paragraph -->\n<p>Museros compta amb un dels pesebres m\u00e9s importants de la comarca de l'Horta. Enguany el Betlem, que ocupa una superf\u00edcie de 40 metres quadrats, bat r\u00e8cord amb m\u00e9s de mil figures i com a novetat compta amb un impressionant barranc.<br>L'associaci\u00f3 Amics del Betlem de Museros \u00e9s l'encarregada de la seua construcci\u00f3 i muntatge. S\u00f3n sis socis que, any a any, realitzen el monumental Betlem i al qual dediquen m\u00e9s d'un mes a confeccionar-lo. Segons expliquen, \u201ccada any aportem elements nous, en esta ocasi\u00f3 comptem un impressionant barranc i una nova cascada\u201d.<\/p>\n<!-- \/wp:paragraph -->\n\n<!-- wp:paragraph -->\n<p><a href=\"https:\/\/www.elmeridiano.es\/museros-bate-record-y-monta-un-ano-mas-su-belen-compuesto-por-1000-figuras\/?fbclid=IwAR0Wq1KWQbqMGZT19m0YPW86RffPeRvbiVbiEWhcS8dHOgwVoWMA7GlvxcY_aem_AbnsprkplnNiObQk50edX8O8AzoR4ov661eg2qkSlWOG9qoJvYF7zouie_Sjt4m_3t4\" data-type=\"link\" data-id=\"https:\/\/www.elmeridiano.es\/museros-bate-record-y-monta-un-ano-mas-su-belen-compuesto-por-1000-figuras\/?fbclid=IwAR0Wq1KWQbqMGZT19m0YPW86RffPeRvbiVbiEWhcS8dHOgwVoWMA7GlvxcY_aem_AbnsprkplnNiObQk50edX8O8AzoR4ov661eg2qkSlWOG9qoJvYF7zouie_Sjt4m_3t4\">Llegir la not\u00edcia completa<\/a><\/p>\n<!-- \/wp:paragraph -->","_et_gb_content_width":"1080","footnotes":""},"categories":[1262],"tags":[],"wf_post_folders":[1285,1241],"class_list":["post-268427","post","type-post","status-publish","format-standard","has-post-thumbnail","hentry","category-cultura-va"],"_links":{"self":[{"href":"https:\/\/museros.org\/inici\/wp-json\/wp\/v2\/posts\/268427","targetHints":{"allow":["GET"]}}],"collection":[{"href":"https:\/\/museros.org\/inici\/wp-json\/wp\/v2\/posts"}],"about":[{"href":"https:\/\/museros.org\/inici\/wp-json\/wp\/v2\/types\/post"}],"author":[{"embeddable":true,"href":"https:\/\/museros.org\/inici\/wp-json\/wp\/v2\/users\/8"}],"replies":[{"embeddable":true,"href":"https:\/\/museros.org\/inici\/wp-json\/wp\/v2\/comments?post=268427"}],"version-history":[{"count":4,"href":"https:\/\/museros.org\/inici\/wp-json\/wp\/v2\/posts\/268427\/revisions"}],"predecessor-version":[{"id":268719,"href":"https:\/\/museros.org\/inici\/wp-json\/wp\/v2\/posts\/268427\/revisions\/268719"}],"wp:featuredmedia":[{"embeddable":true,"href":"https:\/\/museros.org\/inici\/wp-json\/wp\/v2\/media\/268431"}],"wp:attachment":[{"href":"https:\/\/museros.org\/inici\/wp-json\/wp\/v2\/media?parent=268427"}],"wp:term":[{"taxonomy":"category","embeddable":true,"href":"https:\/\/museros.org\/inici\/wp-json\/wp\/v2\/categories?post=268427"},{"taxonomy":"post_tag","embeddable":true,"href":"https:\/\/museros.org\/inici\/wp-json\/wp\/v2\/tags?post=268427"},{"taxonomy":"wf_post_folders","embeddable":true,"href":"https:\/\/museros.org\/inici\/wp-json\/wp\/v2\/wf_post_folders?post=268427"}],"curies":[{"name":"wp","href":"https:\/\/api.w.org\/{rel}","templated":true}]}}