{"id":263525,"date":"2023-02-09T12:06:09","date_gmt":"2023-02-09T12:06:09","guid":{"rendered":"https:\/\/museros.org\/inici\/?p=263525"},"modified":"2023-07-11T04:30:44","modified_gmt":"2023-07-11T04:30:44","slug":"cuatro-bancos","status":"publish","type":"post","link":"https:\/\/museros.org\/inici\/es\/cuatro-bancos\/","title":{"rendered":"Cuatro bancos"},"content":{"rendered":"\n<p>La Concejal\u00eda de Agricultura y Medio Ambiente ha adquirido e implantado los cuatro bancos que se han construido con los tapones de pl\u00e1stico reciclados que se han recogido durante todos estos meses en el casal de la Falla de Museros.<br>Adem\u00e1s, esta misma asociaci\u00f3n ha elegido las frases relacionadas con la fiesta de las fallas que se pueden apreciar en cada uno de ellos.<br>Las ubicaciones donde se han instalado son:<\/p>\n\n\n\n<ul class=\"wp-block-list\">\n<li>Parque Verdolaga<\/li>\n\n\n\n<li>Parque del Paseo de las Palmeras<\/li>\n\n\n\n<li>Parque Tierno Galv\u00e1n<\/li>\n\n\n\n<li>Plaza Casa de Cultura<\/li>\n<\/ul>\n\n\n\n<p>Muchas gracias a la Falla de Museros por su colaboraci\u00f3n en esta iniciativa en pro de la sostenibilidad y cuidado del medio ambiente<\/p>\n","protected":false},"excerpt":{"rendered":"<p>La Concejal\u00eda de Agricultura y Medio Ambiente ha adquirido e implantado los cuatro bancos que se han construido con los tapones de pl\u00e1stico reciclados que se han recogido durante todos estos meses en el casal de la Falla de Museros.<\/p>\n","protected":false},"author":8,"featured_media":263518,"comment_status":"closed","ping_status":"closed","sticky":false,"template":"","format":"standard","meta":{"_et_pb_use_builder":"off","_et_pb_old_content":"<!-- wp:paragraph -->\n<p>La Concejal\u00eda de Agricultura y Medio Ambiente ha adquirido e implantado los cuatro bancos que se han construido con los tapones de pl\u00e1stico reciclados que se han recogido durante todos estos meses en el casal de la Falla de Museros.<br>Adem\u00e1s, esta misma asociaci\u00f3n ha elegido las frases relacionadas con la fiesta de las fallas que se pueden apreciar en cada uno de ellos.<br>Las ubicaciones donde se han instalado son:<\/p>\n<!-- \/wp:paragraph -->\n\n<!-- wp:list -->\n<ul><!-- wp:list-item -->\n<li>Parque Verdolaga<\/li>\n<!-- \/wp:list-item -->\n\n<!-- wp:list-item -->\n<li>Parque del Paseo de las Palmeras<\/li>\n<!-- \/wp:list-item -->\n\n<!-- wp:list-item -->\n<li>Parque Tierno Galv\u00e1n<\/li>\n<!-- \/wp:list-item -->\n\n<!-- wp:list-item -->\n<li>Plaza Casa de Cultura<\/li>\n<!-- \/wp:list-item --><\/ul>\n<!-- \/wp:list -->\n\n<!-- wp:paragraph -->\n<p>Muchas gracias a la Falla de Museros por su colaboraci\u00f3n en esta iniciativa en pro de la sostenibilidad y cuidado del medio ambiente<\/p>\n<!-- \/wp:paragraph -->","_et_gb_content_width":"1080","footnotes":""},"categories":[1465],"tags":[],"wf_post_folders":[1464],"class_list":["post-263525","post","type-post","status-publish","format-standard","has-post-thumbnail","hentry","category-medio-ambiente"],"_links":{"self":[{"href":"https:\/\/museros.org\/inici\/wp-json\/wp\/v2\/posts\/263525","targetHints":{"allow":["GET"]}}],"collection":[{"href":"https:\/\/museros.org\/inici\/wp-json\/wp\/v2\/posts"}],"about":[{"href":"https:\/\/museros.org\/inici\/wp-json\/wp\/v2\/types\/post"}],"author":[{"embeddable":true,"href":"https:\/\/museros.org\/inici\/wp-json\/wp\/v2\/users\/8"}],"replies":[{"embeddable":true,"href":"https:\/\/museros.org\/inici\/wp-json\/wp\/v2\/comments?post=263525"}],"version-history":[{"count":4,"href":"https:\/\/museros.org\/inici\/wp-json\/wp\/v2\/posts\/263525\/revisions"}],"predecessor-version":[{"id":265286,"href":"https:\/\/museros.org\/inici\/wp-json\/wp\/v2\/posts\/263525\/revisions\/265286"}],"wp:featuredmedia":[{"embeddable":true,"href":"https:\/\/museros.org\/inici\/wp-json\/wp\/v2\/media\/263518"}],"wp:attachment":[{"href":"https:\/\/museros.org\/inici\/wp-json\/wp\/v2\/media?parent=263525"}],"wp:term":[{"taxonomy":"category","embeddable":true,"href":"https:\/\/museros.org\/inici\/wp-json\/wp\/v2\/categories?post=263525"},{"taxonomy":"post_tag","embeddable":true,"href":"https:\/\/museros.org\/inici\/wp-json\/wp\/v2\/tags?post=263525"},{"taxonomy":"wf_post_folders","embeddable":true,"href":"https:\/\/museros.org\/inici\/wp-json\/wp\/v2\/wf_post_folders?post=263525"}],"curies":[{"name":"wp","href":"https:\/\/api.w.org\/{rel}","templated":true}]}}