{"id":263523,"date":"2023-02-09T12:04:10","date_gmt":"2023-02-09T12:04:10","guid":{"rendered":"https:\/\/museros.org\/inici\/?p=263523"},"modified":"2024-04-10T10:13:50","modified_gmt":"2024-04-10T10:13:50","slug":"quatre-bancs","status":"publish","type":"post","link":"https:\/\/museros.org\/inici\/quatre-bancs\/","title":{"rendered":"Quatre bancs"},"content":{"rendered":"[et_pb_section admin_label=\u00bbsection\u00bb]\n\t\t\t[et_pb_row admin_label=\u00bbrow\u00bb]\n\t\t\t\t[et_pb_column type=\u00bb4_4&#8243;][et_pb_text admin_label=\u00bbText\u00bb]\n<p>La Regidoria d&#8217;Agricultura i Medi Ambient ha adquirit i implantat els quatre bancs que s&#8217;han constru\u00eft amb els taps de pl\u00e0stic reciclats que s&#8217;han recollit durant tots aquests mesos en el casal de la Falla de Museros.<br>A m\u00e9s, aquesta mateixa associaci\u00f3 ha triat les frases relacionades amb la festa de les falles que es poden apreciar en cadascun d&#8217;ells.<br>Les ubicacions on s&#8217;han instal\u00b7lat s\u00f3n:<\/p>\n\n\n\n<ul class=\"wp-block-list\">\n<li>Parc Verdolaga<\/li>\n\n\n\n<li>Parc del Passeig de les Palmeres<\/li>\n\n\n\n<li>Parc Tierno Galv\u00e1n<\/li>\n\n\n\n<li>Pla\u00e7a Casa de Cultura<\/li>\n<\/ul>\n\n\n\n<p>Moltes gr\u00e0cies a la Falla de Museros per la seua col\u00b7laboraci\u00f3 en aquesta iniciativa en pro de la sostenibilitat i cura del medi ambient.<\/p>\n[\/et_pb_text][\/et_pb_column]\n\t\t\t[\/et_pb_row]\n\t\t[\/et_pb_section]","protected":false},"excerpt":{"rendered":"<p>La Regidoria d&#8217;Agricultura i Medi Ambient ha adquirit i implantat els quatre bancs que s&#8217;han constru\u00eft amb els taps de pl\u00e0stic reciclats que s&#8217;han recollit durant tots aquests mesos en el casal de la Falla de Museros.<\/p>\n","protected":false},"author":8,"featured_media":263518,"comment_status":"closed","ping_status":"closed","sticky":false,"template":"","format":"standard","meta":{"_et_pb_use_builder":"on","_et_pb_old_content":"<!-- wp:paragraph -->\n<p>La Regidoria d'Agricultura i Medi Ambient ha adquirit i implantat els quatre bancs que s'han constru\u00eft amb els taps de pl\u00e0stic reciclats que s'han recollit durant tots aquests mesos en el casal de la Falla de Museros.<br>A m\u00e9s, aquesta mateixa associaci\u00f3 ha triat les frases relacionades amb la festa de les falles que es poden apreciar en cadascun d'ells.<br>Les ubicacions on s'han instal\u00b7lat s\u00f3n:<\/p>\n<!-- \/wp:paragraph -->\n\n<!-- wp:list -->\n<ul><!-- wp:list-item -->\n<li>Parc Verdolaga<\/li>\n<!-- \/wp:list-item -->\n\n<!-- wp:list-item -->\n<li>Parc del Passeig de les Palmeres<\/li>\n<!-- \/wp:list-item -->\n\n<!-- wp:list-item -->\n<li>Parc Tierno Galv\u00e1n<\/li>\n<!-- \/wp:list-item -->\n\n<!-- wp:list-item -->\n<li>Pla\u00e7a Casa de Cultura<\/li>\n<!-- \/wp:list-item --><\/ul>\n<!-- \/wp:list -->\n\n<!-- wp:paragraph -->\n<p>Moltes gr\u00e0cies a la Falla de Museros per la seua col\u00b7laboraci\u00f3 en aquesta iniciativa en pro de la sostenibilitat i cura del medi ambient.<\/p>\n<!-- \/wp:paragraph -->","_et_gb_content_width":"1080","footnotes":""},"categories":[1462],"tags":[],"wf_post_folders":[1464],"class_list":["post-263523","post","type-post","status-publish","format-standard","has-post-thumbnail","hentry","category-medi-ambient"],"_links":{"self":[{"href":"https:\/\/museros.org\/inici\/wp-json\/wp\/v2\/posts\/263523","targetHints":{"allow":["GET"]}}],"collection":[{"href":"https:\/\/museros.org\/inici\/wp-json\/wp\/v2\/posts"}],"about":[{"href":"https:\/\/museros.org\/inici\/wp-json\/wp\/v2\/types\/post"}],"author":[{"embeddable":true,"href":"https:\/\/museros.org\/inici\/wp-json\/wp\/v2\/users\/8"}],"replies":[{"embeddable":true,"href":"https:\/\/museros.org\/inici\/wp-json\/wp\/v2\/comments?post=263523"}],"version-history":[{"count":4,"href":"https:\/\/museros.org\/inici\/wp-json\/wp\/v2\/posts\/263523\/revisions"}],"predecessor-version":[{"id":268433,"href":"https:\/\/museros.org\/inici\/wp-json\/wp\/v2\/posts\/263523\/revisions\/268433"}],"wp:featuredmedia":[{"embeddable":true,"href":"https:\/\/museros.org\/inici\/wp-json\/wp\/v2\/media\/263518"}],"wp:attachment":[{"href":"https:\/\/museros.org\/inici\/wp-json\/wp\/v2\/media?parent=263523"}],"wp:term":[{"taxonomy":"category","embeddable":true,"href":"https:\/\/museros.org\/inici\/wp-json\/wp\/v2\/categories?post=263523"},{"taxonomy":"post_tag","embeddable":true,"href":"https:\/\/museros.org\/inici\/wp-json\/wp\/v2\/tags?post=263523"},{"taxonomy":"wf_post_folders","embeddable":true,"href":"https:\/\/museros.org\/inici\/wp-json\/wp\/v2\/wf_post_folders?post=263523"}],"curies":[{"name":"wp","href":"https:\/\/api.w.org\/{rel}","templated":true}]}}