{"id":261165,"date":"2022-07-21T14:01:31","date_gmt":"2022-07-21T14:01:31","guid":{"rendered":"https:\/\/museros.org\/inici\/?p=261165"},"modified":"2022-07-21T14:03:40","modified_gmt":"2022-07-21T14:03:40","slug":"finales-del-campeonato-de-frontenis","status":"publish","type":"post","link":"https:\/\/museros.org\/inici\/es\/finales-del-campeonato-de-frontenis\/","title":{"rendered":"Finales del campeonato de frontenis"},"content":{"rendered":"\n<p>Este lunes, 18 de julio, se disputaron en el front\u00f3n municipal, las finales del Campeonato de Frontenis que ha estado disput\u00e1ndose desde el 4 de julio.<br>En la final infantil, la pareja formada por Daniel Ramos y \u00c0lvaro Lujan ganaban por 31 a 28 a la pareja formada por Bryan Alonso y Cristian Lujan. Y en la final de la categor\u00eda \u00abamateur\u00bb, Jos\u00e9 Bautista y Pedro Cabrera se impon\u00edan 31 a 23 a \u00c0lex Besante y Eduard Mart\u00ednez.<br>Un torneo que ha tenido una excelente participaci\u00f3n y seguimiento y ha sido coordinado por Antonio Cortell. Enhorabuena a todos los participantes. \u00a1Haz deporte en Museros!<\/p>\n","protected":false},"excerpt":{"rendered":"<p>Este lunes, 18 de julio, se disputaron en el front\u00f3n municipal, las finales del Campeonato de Frontenis que ha estado disput\u00e1ndose desde el 4 de julio.<\/p>\n","protected":false},"author":8,"featured_media":261163,"comment_status":"closed","ping_status":"closed","sticky":false,"template":"","format":"standard","meta":{"_et_pb_use_builder":"off","_et_pb_old_content":"","_et_gb_content_width":"","footnotes":""},"categories":[1250],"tags":[],"wf_post_folders":[1234,1239],"class_list":["post-261165","post","type-post","status-publish","format-standard","has-post-thumbnail","hentry","category-deportivos"],"_links":{"self":[{"href":"https:\/\/museros.org\/inici\/wp-json\/wp\/v2\/posts\/261165","targetHints":{"allow":["GET"]}}],"collection":[{"href":"https:\/\/museros.org\/inici\/wp-json\/wp\/v2\/posts"}],"about":[{"href":"https:\/\/museros.org\/inici\/wp-json\/wp\/v2\/types\/post"}],"author":[{"embeddable":true,"href":"https:\/\/museros.org\/inici\/wp-json\/wp\/v2\/users\/8"}],"replies":[{"embeddable":true,"href":"https:\/\/museros.org\/inici\/wp-json\/wp\/v2\/comments?post=261165"}],"version-history":[{"count":2,"href":"https:\/\/museros.org\/inici\/wp-json\/wp\/v2\/posts\/261165\/revisions"}],"predecessor-version":[{"id":261167,"href":"https:\/\/museros.org\/inici\/wp-json\/wp\/v2\/posts\/261165\/revisions\/261167"}],"wp:featuredmedia":[{"embeddable":true,"href":"https:\/\/museros.org\/inici\/wp-json\/wp\/v2\/media\/261163"}],"wp:attachment":[{"href":"https:\/\/museros.org\/inici\/wp-json\/wp\/v2\/media?parent=261165"}],"wp:term":[{"taxonomy":"category","embeddable":true,"href":"https:\/\/museros.org\/inici\/wp-json\/wp\/v2\/categories?post=261165"},{"taxonomy":"post_tag","embeddable":true,"href":"https:\/\/museros.org\/inici\/wp-json\/wp\/v2\/tags?post=261165"},{"taxonomy":"wf_post_folders","embeddable":true,"href":"https:\/\/museros.org\/inici\/wp-json\/wp\/v2\/wf_post_folders?post=261165"}],"curies":[{"name":"wp","href":"https:\/\/api.w.org\/{rel}","templated":true}]}}