{"id":261162,"date":"2022-07-21T14:00:14","date_gmt":"2022-07-21T14:00:14","guid":{"rendered":"https:\/\/museros.org\/inici\/?p=261162"},"modified":"2022-07-21T14:04:21","modified_gmt":"2022-07-21T14:04:21","slug":"finals-del-campionat-de-frontennis","status":"publish","type":"post","link":"https:\/\/museros.org\/inici\/finals-del-campionat-de-frontennis\/","title":{"rendered":"Finals del campionat de frontennis"},"content":{"rendered":"\n<p>Aquest dilluns, 18 de juliol, es van disputar al front\u00f3 municipal, les finals del Campionat de Frontennis que ha estat disputant-se des del 4 de juliol.<br>A la final infantil, la parella formada per Daniel Ramos i \u00c0lvaro Lujan guanyaven per 31 a 28 a la parella formada per Bryan Alonso i Cristian Lujan. I a la final de la categoria \u00abamateur\u00bb, Jos\u00e9 Bautista i Pedro Cabrera s&#8217;imposaven 31 a 23 a \u00c0lex Besante i Eduard Mart\u00ednez.<br>Un torneig que ha tingut una excel\u00b7lent participaci\u00f3 i seguiment i ha estat coordinat per Antonio Cortell. Enhorabona a tots els participants. Fes esport a Museros!<\/p>\n","protected":false},"excerpt":{"rendered":"<p>Aquest dilluns, 18 de juliol, es van disputar al front\u00f3 municipal, les finals del Campionat de Frontennis que ha estat disputant-se des del 4 de juliol.<\/p>\n","protected":false},"author":8,"featured_media":261163,"comment_status":"closed","ping_status":"closed","sticky":false,"template":"","format":"standard","meta":{"_et_pb_use_builder":"off","_et_pb_old_content":"","_et_gb_content_width":"","footnotes":""},"categories":[1248],"tags":[],"wf_post_folders":[1234,1239],"class_list":["post-261162","post","type-post","status-publish","format-standard","has-post-thumbnail","hentry","category-esportius"],"_links":{"self":[{"href":"https:\/\/museros.org\/inici\/wp-json\/wp\/v2\/posts\/261162","targetHints":{"allow":["GET"]}}],"collection":[{"href":"https:\/\/museros.org\/inici\/wp-json\/wp\/v2\/posts"}],"about":[{"href":"https:\/\/museros.org\/inici\/wp-json\/wp\/v2\/types\/post"}],"author":[{"embeddable":true,"href":"https:\/\/museros.org\/inici\/wp-json\/wp\/v2\/users\/8"}],"replies":[{"embeddable":true,"href":"https:\/\/museros.org\/inici\/wp-json\/wp\/v2\/comments?post=261162"}],"version-history":[{"count":2,"href":"https:\/\/museros.org\/inici\/wp-json\/wp\/v2\/posts\/261162\/revisions"}],"predecessor-version":[{"id":261168,"href":"https:\/\/museros.org\/inici\/wp-json\/wp\/v2\/posts\/261162\/revisions\/261168"}],"wp:featuredmedia":[{"embeddable":true,"href":"https:\/\/museros.org\/inici\/wp-json\/wp\/v2\/media\/261163"}],"wp:attachment":[{"href":"https:\/\/museros.org\/inici\/wp-json\/wp\/v2\/media?parent=261162"}],"wp:term":[{"taxonomy":"category","embeddable":true,"href":"https:\/\/museros.org\/inici\/wp-json\/wp\/v2\/categories?post=261162"},{"taxonomy":"post_tag","embeddable":true,"href":"https:\/\/museros.org\/inici\/wp-json\/wp\/v2\/tags?post=261162"},{"taxonomy":"wf_post_folders","embeddable":true,"href":"https:\/\/museros.org\/inici\/wp-json\/wp\/v2\/wf_post_folders?post=261162"}],"curies":[{"name":"wp","href":"https:\/\/api.w.org\/{rel}","templated":true}]}}