{"id":260540,"date":"2022-06-22T13:37:54","date_gmt":"2022-06-22T13:37:54","guid":{"rendered":"https:\/\/museros.org\/inici\/?p=260540"},"modified":"2022-06-23T06:40:07","modified_gmt":"2022-06-23T06:40:07","slug":"dues-visites-a-lagencia-de-lectura","status":"publish","type":"post","link":"https:\/\/museros.org\/inici\/dues-visites-a-lagencia-de-lectura\/","title":{"rendered":"Dues visites a l\u2019ag\u00e8ncia de lectura"},"content":{"rendered":"\n<p>El dia 15 de juny, l&#8217;ag\u00e8ncia de lectura va rebre la visita de l&#8217;alumnat del Taller de diversitat funcional, que van llegir poesies curtes i va fer un joc d&#8217;agudesa visual.<\/p>\n\n\n\n<p>Tamb\u00e9, el mateix dia, l&#8217;alumnat de 1r de l&#8217;IES Museros hi va anar per con\u00e9ixer els tipus de llibres juvenils que disposa l&#8217;ag\u00e8ncia, es va comentar els que estan ara m\u00e9s de moda, els manga, i es va parlar dels escriptors i escriptores de la poblaci\u00f3. A m\u00e9s, es va informar de com obtindr\u00e9 el carnet de l&#8217;ag\u00e8ncia de lectura, els horaris que t\u00e9 i totes les activitats que es poden fer en aquest espai.<\/p>\n\n\n\n<div style=\"height:30px\" aria-hidden=\"true\" class=\"wp-block-spacer\"><\/div>\n\n\n\n<p><a href=\"https:\/\/museros.org\/inici\/galeria-dimatges\/\" data-type=\"URL\" data-id=\"https:\/\/museros.org\/inici\/galeria-dimatges\/\">Galeria d&#8217;imatges &gt;<\/a><\/p>\n","protected":false},"excerpt":{"rendered":"<p>El dia 15 de juny, l&#8217;ag\u00e8ncia de lectura va rebre la visita de l&#8217;alumnat del Taller de diversitat funcional i de l&#8217;alumnat de 1r de l&#8217;IES Museros.<\/p>\n","protected":false},"author":8,"featured_media":260539,"comment_status":"closed","ping_status":"closed","sticky":false,"template":"","format":"standard","meta":{"_et_pb_use_builder":"off","_et_pb_old_content":"<!-- wp:paragraph -->\n<p>El dia 15 de juny, l'ag\u00e8ncia de lectura va rebre la visita de l'alumnat del Taller de Diversitat Funcional, qui va llegir poesies curtes i va fer un joc d'agudesa visual.<\/p>\n<!-- \/wp:paragraph -->\n\n<!-- wp:paragraph -->\n<p>Tamb\u00e9 el mateix dia, l'alumnat de 1r de l'IES Museros va anar a con\u00e9ixer els tipus de llibres juvenils que disposa l'ag\u00e8ncia, va comentar els que estan ara m\u00e9s de moda, els manga, i va parlar dels escriptors i escriptores de la poblaci\u00f3. A m\u00e9s, es va informar de com ser soci o s\u00f2cia de l'ag\u00e8ncia de lectura, els horaris que t\u00e9 i totes les activitats que es poden fer en aquest espai.<\/p>\n<!-- \/wp:paragraph -->\n\n<!-- wp:spacer {\"height\":\"30px\"} -->\n<div style=\"height:30px\" aria-hidden=\"true\" class=\"wp-block-spacer\"><\/div>\n<!-- \/wp:spacer -->\n\n<!-- wp:paragraph -->\n<p><a href=\"https:\/\/museros.org\/inici\/galeria-dimatges\/\" data-type=\"URL\" data-id=\"https:\/\/museros.org\/inici\/galeria-dimatges\/\">Galeria d'imatges ><\/a><\/p>\n<!-- \/wp:paragraph -->","_et_gb_content_width":"","footnotes":""},"categories":[1262],"tags":[],"wf_post_folders":[1285],"class_list":["post-260540","post","type-post","status-publish","format-standard","has-post-thumbnail","hentry","category-cultura-va"],"_links":{"self":[{"href":"https:\/\/museros.org\/inici\/wp-json\/wp\/v2\/posts\/260540","targetHints":{"allow":["GET"]}}],"collection":[{"href":"https:\/\/museros.org\/inici\/wp-json\/wp\/v2\/posts"}],"about":[{"href":"https:\/\/museros.org\/inici\/wp-json\/wp\/v2\/types\/post"}],"author":[{"embeddable":true,"href":"https:\/\/museros.org\/inici\/wp-json\/wp\/v2\/users\/8"}],"replies":[{"embeddable":true,"href":"https:\/\/museros.org\/inici\/wp-json\/wp\/v2\/comments?post=260540"}],"version-history":[{"count":16,"href":"https:\/\/museros.org\/inici\/wp-json\/wp\/v2\/posts\/260540\/revisions"}],"predecessor-version":[{"id":260599,"href":"https:\/\/museros.org\/inici\/wp-json\/wp\/v2\/posts\/260540\/revisions\/260599"}],"wp:featuredmedia":[{"embeddable":true,"href":"https:\/\/museros.org\/inici\/wp-json\/wp\/v2\/media\/260539"}],"wp:attachment":[{"href":"https:\/\/museros.org\/inici\/wp-json\/wp\/v2\/media?parent=260540"}],"wp:term":[{"taxonomy":"category","embeddable":true,"href":"https:\/\/museros.org\/inici\/wp-json\/wp\/v2\/categories?post=260540"},{"taxonomy":"post_tag","embeddable":true,"href":"https:\/\/museros.org\/inici\/wp-json\/wp\/v2\/tags?post=260540"},{"taxonomy":"wf_post_folders","embeddable":true,"href":"https:\/\/museros.org\/inici\/wp-json\/wp\/v2\/wf_post_folders?post=260540"}],"curies":[{"name":"wp","href":"https:\/\/api.w.org\/{rel}","templated":true}]}}