{"id":259586,"date":"2022-06-08T04:03:36","date_gmt":"2022-06-08T04:03:36","guid":{"rendered":"https:\/\/museros.org\/inici\/?p=259586"},"modified":"2022-06-08T04:03:38","modified_gmt":"2022-06-08T04:03:38","slug":"lectura-para-el-verano","status":"publish","type":"post","link":"https:\/\/museros.org\/inici\/es\/lectura-para-el-verano\/","title":{"rendered":"Lectura para el verano"},"content":{"rendered":"\n<p>Desde la Concejal\u00eda de Cultura y Promoci\u00f3n Ling\u00fc\u00edstica, comunicamos que nos han llegado novedades a la agencia de lectura para que disfrut\u00e9is este verano con una buena lectura.<\/p>\n\n\n\n<p>P\u00fablico adulto:<\/p>\n\n\n\n<p><em>Roma soy yo<\/em>, de Santiago Posteguillo (novela hist\u00f3rica).<\/p>\n\n\n\n<p><em>Quan la neu es fon<\/em>, de Laia Vilaseca (novela negra).<\/p>\n\n\n\n<p><em>El mentalista,<\/em> de Camilla L\u00e4ckberg (novela negra).<\/p>\n\n\n\n<p><em>Morir-ne disset<\/em>, de Sergi Belbel (novela contempor\u00e1nea).<\/p>\n\n\n\n<p><em>El castillo de Barbazul<\/em>, de Javier Cercas (novela contempor\u00e1nea).<\/p>\n\n\n\n<p><em>La mansi\u00f3n: Tiempos gloriosos<\/em>, de Anne Jacobs (novela rom\u00e1ntica).<\/p>\n\n\n\n<p><em>La Vall de la Llum<\/em>, de Toni Cruanyes (novela hist\u00f3rica).<\/p>\n\n\n\n<p><em>Todas esas cosas que te dar\u00e9 ma\u00f1ana<\/em>, de Elisabet Benavent (novela rom\u00e1ntica).<\/p>\n\n\n\n<p><\/p>\n\n\n\n<figure class=\"wp-block-image size-full\"><img loading=\"lazy\" decoding=\"async\" width=\"800\" height=\"662\" src=\"https:\/\/museros.org\/wp-content\/uploads\/2022\/06\/historica.jpg\" alt=\"\" class=\"wp-image-259576\"\/><\/figure>\n\n\n\n<p><\/p>\n\n\n\n<p><em>Nadie lo sabe<\/em>, de Tony Gratac\u00f3s (novela hist\u00f3rica).<\/p>\n\n\n\n<p><em>La vida privada de Carmina Massot<\/em>, de Gemma Lienas (novela contempor\u00e1nea).<\/p>\n\n\n\n<p><em>Matar al rey<\/em>, de Jos\u00e9 Luis Corral (novela hist\u00f3rica).<\/p>\n\n\n\n<p><em>La violinista roja<\/em>, de Reyes Monforte (novela hist\u00f3rica).<\/p>\n\n\n\n<p><em>Benvolguda<\/em>, de Empar Moliner (novela contempor\u00e1nea).<\/p>\n\n\n\n<p><em>Al para\u00edso<\/em>, de Hanya Yanagihara (novela contempor\u00e1nea).<\/p>\n\n\n\n<p><em>Aigua passada<\/em>, de Kopano Matlwa (novela contempor\u00e1nea).<\/p>\n\n\n\n<p><\/p>\n\n\n\n<figure class=\"wp-block-image size-full\"><img loading=\"lazy\" decoding=\"async\" width=\"800\" height=\"636\" src=\"https:\/\/museros.org\/wp-content\/uploads\/2022\/06\/romantica.jpg\" alt=\"\" class=\"wp-image-259579\"\/><\/figure>\n\n\n\n<p><\/p>\n\n\n\n<p><em>Lascivia<\/em>, de Eva Mu\u00f1oz (novela rom\u00e1ntica).<\/p>\n\n\n\n<p><em>Si ens ensenyessim a perdre guanyar\u00edem sempre<\/em>, de Albert Espinosa (novela contempor\u00e1nea).<\/p>\n\n\n\n<p><em>Junil a les terres dels b\u00e0rbars<\/em>, de Joan-Llu\u00eds Llu\u00eds (novela contempor\u00e1nea).<\/p>\n\n\n\n<p><em>La chica italiana<\/em>, de Lucinda Riley (novela rom\u00e1ntica).<\/p>\n\n\n\n<p><em>Atrapa la llebre<\/em>, de Lana Bastasic (novela contempor\u00e1nea).<\/p>\n\n\n\n<p><em>Encuentra tu persona vitamina<\/em>, de Marian Rojas Estap\u00e9 (libro de autoayuda).<\/p>\n\n\n\n<p><em>Paella Lovers: recetas de arroces creativas<\/em>, de David Montero (recetario).<\/p>\n\n\n\n<p><\/p>\n\n\n\n<figure class=\"wp-block-image size-full\"><img loading=\"lazy\" decoding=\"async\" width=\"800\" height=\"840\" src=\"https:\/\/museros.org\/wp-content\/uploads\/2022\/06\/infantil-juvenil.jpg\" alt=\"\" class=\"wp-image-259577\"\/><\/figure>\n\n\n\n<p><\/p>\n\n\n\n<p>P\u00fablico infantil y juvenil:<\/p>\n\n\n\n<p><em>La llista m\u00e0gica d\u2019animals<\/em>, de Andreu Buenafuente (infantil 3 i 4 a\u00f1os).<\/p>\n\n\n\n<p><em>Kai i Emma<\/em>, de Miriam Tirado (infantil 5 y 6 a\u00f1os).<\/p>\n\n\n\n<p><em>Microbis<\/em>, de Professor Darwin (infantil 5 y 6 a\u00f1os).<\/p>\n\n\n\n<p><em>Nom\u00e9s per a ninges 3: La finestra m\u00e0gica<\/em>, de Pu\u00f1o (infantil 7 y 9 a\u00f1os).<\/p>\n\n\n\n<p><em>Futbol\u00edsimos 17: El misterio de las botas m\u00e1gicas<\/em>, de Roberto Santiago (infantil 10 y 12 a\u00f1os).<\/p>\n\n\n\n<p><em>Guardianes de la noche 6<\/em>, de Koyoharu Gotouge (manga juvenil).<\/p>\n\n\n\n<p><em>Death note 3<\/em>, de Tsugumi Ohba (manga juvenil).<\/p>\n\n\n\n<p><em>Heartstopper 4<\/em>. <em>M\u00e1s que palabras<\/em>, de Alice Oseman (novela gr\u00e1fica)<\/p>\n","protected":false},"excerpt":{"rendered":"<p>Nos han llegado novedades a la agencia de lectura para que disfrut\u00e1is este verano con una buena lectura.<\/p>\n","protected":false},"author":8,"featured_media":259578,"comment_status":"closed","ping_status":"closed","sticky":false,"template":"","format":"standard","meta":{"_et_pb_use_builder":"","_et_pb_old_content":"","_et_gb_content_width":"","footnotes":""},"categories":[1283],"tags":[],"wf_post_folders":[1285],"class_list":["post-259586","post","type-post","status-publish","format-standard","has-post-thumbnail","hentry","category-cultura"],"_links":{"self":[{"href":"https:\/\/museros.org\/inici\/wp-json\/wp\/v2\/posts\/259586","targetHints":{"allow":["GET"]}}],"collection":[{"href":"https:\/\/museros.org\/inici\/wp-json\/wp\/v2\/posts"}],"about":[{"href":"https:\/\/museros.org\/inici\/wp-json\/wp\/v2\/types\/post"}],"author":[{"embeddable":true,"href":"https:\/\/museros.org\/inici\/wp-json\/wp\/v2\/users\/8"}],"replies":[{"embeddable":true,"href":"https:\/\/museros.org\/inici\/wp-json\/wp\/v2\/comments?post=259586"}],"version-history":[{"count":11,"href":"https:\/\/museros.org\/inici\/wp-json\/wp\/v2\/posts\/259586\/revisions"}],"predecessor-version":[{"id":259623,"href":"https:\/\/museros.org\/inici\/wp-json\/wp\/v2\/posts\/259586\/revisions\/259623"}],"wp:featuredmedia":[{"embeddable":true,"href":"https:\/\/museros.org\/inici\/wp-json\/wp\/v2\/media\/259578"}],"wp:attachment":[{"href":"https:\/\/museros.org\/inici\/wp-json\/wp\/v2\/media?parent=259586"}],"wp:term":[{"taxonomy":"category","embeddable":true,"href":"https:\/\/museros.org\/inici\/wp-json\/wp\/v2\/categories?post=259586"},{"taxonomy":"post_tag","embeddable":true,"href":"https:\/\/museros.org\/inici\/wp-json\/wp\/v2\/tags?post=259586"},{"taxonomy":"wf_post_folders","embeddable":true,"href":"https:\/\/museros.org\/inici\/wp-json\/wp\/v2\/wf_post_folders?post=259586"}],"curies":[{"name":"wp","href":"https:\/\/api.w.org\/{rel}","templated":true}]}}