{"id":259575,"date":"2022-06-08T04:03:51","date_gmt":"2022-06-08T04:03:51","guid":{"rendered":"https:\/\/museros.org\/inici\/?p=259575"},"modified":"2022-06-08T04:03:52","modified_gmt":"2022-06-08T04:03:52","slug":"lectura-per-a-lestiu","status":"publish","type":"post","link":"https:\/\/museros.org\/inici\/lectura-per-a-lestiu\/","title":{"rendered":"Lectura per a l&#8217;estiu"},"content":{"rendered":"\n<p>Des de la Regidoria de Cultura i Promoci\u00f3 Ling\u00fc\u00edstica, comuniquem que ens han arribat novetats a l\u2019ag\u00e8ncia de lectura per tal que gaudiu aquest estiu amb una bona lectura.<\/p>\n\n\n\n<p>P\u00fablic adult:<\/p>\n\n\n\n<p><em>Roma soy yo<\/em>, de Santiago Posteguillo (novel\u00b7la hist\u00f2rica).<\/p>\n\n\n\n<p><em>Quan la neu es fon<\/em>, de Laia Vilaseca (novel\u00b7la negra).<\/p>\n\n\n\n<p><em>El mentalista,<\/em> de Camilla L\u00e4ckberg (novel\u00b7la negra).<\/p>\n\n\n\n<p><em>Morir-ne disset<\/em>, de Sergi Belbel (novel\u00b7la contempor\u00e0nia).<\/p>\n\n\n\n<p><em>El castillo de Barbazul<\/em>, de Javier Cercas (novel\u00b7la contempor\u00e0nia).<\/p>\n\n\n\n<p><em>La mansi\u00f3n: Tiempos gloriosos<\/em>, d&#8217;Anne Jacobs (novel\u00b7la rom\u00e0ntica).<\/p>\n\n\n\n<p><em>La Vall de la Llum<\/em>, de Toni Cruanyes (novel\u00b7la hist\u00f2rica).<\/p>\n\n\n\n<p><em>Todas esas cosas que te dar\u00e9 ma\u00f1ana<\/em>, d&#8217;Elisabet Benavent (novel\u00b7la rom\u00e0ntica).<\/p>\n\n\n\n<p><\/p>\n\n\n\n<figure class=\"wp-block-image size-full is-style-default\"><img loading=\"lazy\" decoding=\"async\" width=\"800\" height=\"662\" src=\"https:\/\/museros.org\/wp-content\/uploads\/2022\/06\/historica.jpg\" alt=\"\" class=\"wp-image-259576\"\/><\/figure>\n\n\n\n<p><em>Nadie lo sabe<\/em>, de Tony Gratac\u00f3s (novel\u00b7la hist\u00f2rica).<\/p>\n\n\n\n<p><em>La vida privada de Carmina Massot<\/em>, de Gemma Lienas (novel\u00b7la contempor\u00e0nia).<\/p>\n\n\n\n<p><em>Matar al rey<\/em>, de Jos\u00e9 Luis Corral (novel\u00b7la hist\u00f2rica).<\/p>\n\n\n\n<p><em>La violinista roja<\/em>, de Reyes Monforte (novel\u00b7la hist\u00f2rica).<\/p>\n\n\n\n<p><em>Benvolguda<\/em>, d\u2019Empar Moliner (novel\u00b7la contempor\u00e0nia).<\/p>\n\n\n\n<p><em>Al para\u00edso<\/em>, de Hanya Yanagihara (novel\u00b7la contempor\u00e0nia).<\/p>\n\n\n\n<p><em>Aigua passada<\/em>, de Kopano Matlwa (novel\u00b7la contempor\u00e0nia).<\/p>\n\n\n\n<p><\/p>\n\n\n\n<figure class=\"wp-block-image size-full\"><img loading=\"lazy\" decoding=\"async\" width=\"800\" height=\"636\" src=\"https:\/\/museros.org\/wp-content\/uploads\/2022\/06\/romantica.jpg\" alt=\"\" class=\"wp-image-259579\"\/><\/figure>\n\n\n\n<p><\/p>\n\n\n\n<p><em>Lascivia<\/em>, d\u2019Eva Mu\u00f1oz (novel\u00b7la rom\u00e0ntica).<\/p>\n\n\n\n<p><em>Si ens ensenyessim a perdre guanyar\u00edem sempre<\/em>, d&#8217;Albert Espinosa (novel\u00b7la contempor\u00e0nia).<\/p>\n\n\n\n<p><em>Junil a les terres dels b\u00e0rbars<\/em>, de Joan-Llu\u00eds Llu\u00eds (novel\u00b7la contempor\u00e0nia).<\/p>\n\n\n\n<p><em>La chica italiana<\/em>, de Lucinda Riley (novel\u00b7la rom\u00e0ntica).<\/p>\n\n\n\n<p><em>Atrapa la llebre<\/em>, de Lana Bastasic (novel\u00b7la contempor\u00e0nia).<\/p>\n\n\n\n<p><em>Encuentra tu persona vitamina<\/em>, de Marian Rojas Estap\u00e9 (llibre d\u2019autoajuda).<\/p>\n\n\n\n<p><em>Paella Lovers: recetas de arroces creativas<\/em>, de David Montero (receptari).<\/p>\n\n\n\n<p><\/p>\n\n\n\n<figure class=\"wp-block-image size-full\"><img loading=\"lazy\" decoding=\"async\" width=\"800\" height=\"840\" src=\"https:\/\/museros.org\/wp-content\/uploads\/2022\/06\/infantil-juvenil.jpg\" alt=\"\" class=\"wp-image-259577\"\/><\/figure>\n\n\n\n<p><\/p>\n\n\n\n<p>P\u00fablic infantil i juvenil:<\/p>\n\n\n\n<p><em>La llista m\u00e0gica d\u2019animals<\/em>, d&#8217;Andreu Buenafuente (infantil 3 i 4 anys).<\/p>\n\n\n\n<p><em>Kai i Emma<\/em>, de Miriam Tirado (infantil 5 i 6 anys).<\/p>\n\n\n\n<p><em>Microbis<\/em>, de Professor Darwin (infantil 5 i 6 anys).<\/p>\n\n\n\n<p><em>Nom\u00e9s per a ninges 3: La finestra m\u00e0gica<\/em>, de Pu\u00f1o (infantil 7 i 9 anys).<\/p>\n\n\n\n<p><em>Futbol\u00edsimos 17: El misterio de las botas m\u00e1gicas<\/em>, de Roberto Santiago (infantil 10 a 12 anys).<\/p>\n\n\n\n<p><em>Guardianes de la noche 6<\/em>, de Koyoharu Gotouge (manga juvenil).<\/p>\n\n\n\n<p><em>Death note 3<\/em>, de Tsugumi Ohba (manga juvenil).<\/p>\n\n\n\n<p><em>Heartstopper 4<\/em>. <em>M\u00e1s que palabras<\/em>, d&#8217;Alice Oseman (novel\u00b7la gr\u00e0fica)<\/p>\n\n\n\n<p><\/p>\n\n\n\n<p><\/p>\n","protected":false},"excerpt":{"rendered":"<p>Ens han arribat novetats a l\u2019ag\u00e8ncia de lectura per tal que gaudiu aquest estiu amb una bona lectura.<\/p>\n","protected":false},"author":8,"featured_media":259578,"comment_status":"closed","ping_status":"closed","sticky":false,"template":"","format":"standard","meta":{"_et_pb_use_builder":"off","_et_pb_old_content":"","_et_gb_content_width":"","footnotes":""},"categories":[1262],"tags":[],"wf_post_folders":[1285],"class_list":["post-259575","post","type-post","status-publish","format-standard","has-post-thumbnail","hentry","category-cultura-va"],"_links":{"self":[{"href":"https:\/\/museros.org\/inici\/wp-json\/wp\/v2\/posts\/259575","targetHints":{"allow":["GET"]}}],"collection":[{"href":"https:\/\/museros.org\/inici\/wp-json\/wp\/v2\/posts"}],"about":[{"href":"https:\/\/museros.org\/inici\/wp-json\/wp\/v2\/types\/post"}],"author":[{"embeddable":true,"href":"https:\/\/museros.org\/inici\/wp-json\/wp\/v2\/users\/8"}],"replies":[{"embeddable":true,"href":"https:\/\/museros.org\/inici\/wp-json\/wp\/v2\/comments?post=259575"}],"version-history":[{"count":5,"href":"https:\/\/museros.org\/inici\/wp-json\/wp\/v2\/posts\/259575\/revisions"}],"predecessor-version":[{"id":259622,"href":"https:\/\/museros.org\/inici\/wp-json\/wp\/v2\/posts\/259575\/revisions\/259622"}],"wp:featuredmedia":[{"embeddable":true,"href":"https:\/\/museros.org\/inici\/wp-json\/wp\/v2\/media\/259578"}],"wp:attachment":[{"href":"https:\/\/museros.org\/inici\/wp-json\/wp\/v2\/media?parent=259575"}],"wp:term":[{"taxonomy":"category","embeddable":true,"href":"https:\/\/museros.org\/inici\/wp-json\/wp\/v2\/categories?post=259575"},{"taxonomy":"post_tag","embeddable":true,"href":"https:\/\/museros.org\/inici\/wp-json\/wp\/v2\/tags?post=259575"},{"taxonomy":"wf_post_folders","embeddable":true,"href":"https:\/\/museros.org\/inici\/wp-json\/wp\/v2\/wf_post_folders?post=259575"}],"curies":[{"name":"wp","href":"https:\/\/api.w.org\/{rel}","templated":true}]}}