{"id":259073,"date":"2022-05-18T11:01:06","date_gmt":"2022-05-18T11:01:06","guid":{"rendered":"https:\/\/museros.org\/inici\/?p=259073"},"modified":"2022-05-18T11:01:07","modified_gmt":"2022-05-18T11:01:07","slug":"final-individual-descala-i-corda-al-7-i-mig","status":"publish","type":"post","link":"https:\/\/museros.org\/inici\/es\/final-individual-descala-i-corda-al-7-i-mig\/","title":{"rendered":"Final individual d&#8217;Escala i corda al 7 i mig"},"content":{"rendered":"\n<p>Lliria y Museros albergaran las finales del primer Individual d&#8217;Escala i Corda al 7 i mig, del Primer Campeonato Auton\u00f3mico, Trofeo Diputaci\u00f3n de Val\u00e8ncia.<\/p>\n\n\n\n<p>Las competiciones tendr\u00e1n lugar el mi\u00e9rcoles 18 y s\u00e1bado 21 de mayo en el trinquete de Ll\u00edria, y el viernes 20 de mayo en el trinquete de Museros.<\/p>\n\n\n\n<p>Desde este <a href=\"https:\/\/museros.org\/inici\/es\/finales-descala-i-corda-individual-al-7-i-mig\/\">enlace<\/a> puedes consultar los horarios y participantes finalistas.<\/p>\n","protected":false},"excerpt":{"rendered":"<p>Lliria y Museros albergaran las finales del primer Individual d&#8217;Escala i Corda al 7 i mig.<\/p>\n","protected":false},"author":8,"featured_media":259064,"comment_status":"closed","ping_status":"closed","sticky":false,"template":"","format":"standard","meta":{"_et_pb_use_builder":"off","_et_pb_old_content":"","_et_gb_content_width":"","footnotes":""},"categories":[1250],"tags":[],"wf_post_folders":[1234,1239],"class_list":["post-259073","post","type-post","status-publish","format-standard","has-post-thumbnail","hentry","category-deportivos"],"_links":{"self":[{"href":"https:\/\/museros.org\/inici\/wp-json\/wp\/v2\/posts\/259073","targetHints":{"allow":["GET"]}}],"collection":[{"href":"https:\/\/museros.org\/inici\/wp-json\/wp\/v2\/posts"}],"about":[{"href":"https:\/\/museros.org\/inici\/wp-json\/wp\/v2\/types\/post"}],"author":[{"embeddable":true,"href":"https:\/\/museros.org\/inici\/wp-json\/wp\/v2\/users\/8"}],"replies":[{"embeddable":true,"href":"https:\/\/museros.org\/inici\/wp-json\/wp\/v2\/comments?post=259073"}],"version-history":[{"count":1,"href":"https:\/\/museros.org\/inici\/wp-json\/wp\/v2\/posts\/259073\/revisions"}],"predecessor-version":[{"id":259074,"href":"https:\/\/museros.org\/inici\/wp-json\/wp\/v2\/posts\/259073\/revisions\/259074"}],"wp:featuredmedia":[{"embeddable":true,"href":"https:\/\/museros.org\/inici\/wp-json\/wp\/v2\/media\/259064"}],"wp:attachment":[{"href":"https:\/\/museros.org\/inici\/wp-json\/wp\/v2\/media?parent=259073"}],"wp:term":[{"taxonomy":"category","embeddable":true,"href":"https:\/\/museros.org\/inici\/wp-json\/wp\/v2\/categories?post=259073"},{"taxonomy":"post_tag","embeddable":true,"href":"https:\/\/museros.org\/inici\/wp-json\/wp\/v2\/tags?post=259073"},{"taxonomy":"wf_post_folders","embeddable":true,"href":"https:\/\/museros.org\/inici\/wp-json\/wp\/v2\/wf_post_folders?post=259073"}],"curies":[{"name":"wp","href":"https:\/\/api.w.org\/{rel}","templated":true}]}}