{"id":259063,"date":"2022-05-18T10:42:04","date_gmt":"2022-05-18T10:42:04","guid":{"rendered":"https:\/\/museros.org\/inici\/?p=259063"},"modified":"2022-05-18T11:02:30","modified_gmt":"2022-05-18T11:02:30","slug":"final-descala-i-corda-individual-al-7-i-mig","status":"publish","type":"post","link":"https:\/\/museros.org\/inici\/final-descala-i-corda-individual-al-7-i-mig\/","title":{"rendered":"Final d&#8217;Escala i Corda Individual al 7 i mig"},"content":{"rendered":"\n<p>Lliria i Museros albergaren les finals del primer Individual d&#8217;Escala i Corda al 7 i mig, del Primer Campionat Auton\u00f2mic, Trofeu Diputaci\u00f3 de Val\u00e8ncia.<\/p>\n\n\n\n<p>Les competicions tindran lloc el dimecres ,18 i dissabte, 21 de maig, en el trinquet de Ll\u00edria, i el divendres, 20 de maig, en el trinquet de Museros.<\/p>\n\n\n\n<p>Des d&#8217;aquest <a href=\"https:\/\/museros.org\/inici\/finals-descala-i-corda\/\" data-type=\"page\" data-id=\"259051\">enlla\u00e7<\/a> pots consultar els horaris i participants finalistes.<\/p>\n","protected":false},"excerpt":{"rendered":"<p>Lliria i Museros albergaren les finals del primer Individual d&#8217;Escala i Corda al 7 i mig<\/p>\n","protected":false},"author":8,"featured_media":259064,"comment_status":"closed","ping_status":"closed","sticky":false,"template":"","format":"standard","meta":{"_et_pb_use_builder":"off","_et_pb_old_content":"","_et_gb_content_width":"","footnotes":""},"categories":[1248],"tags":[],"wf_post_folders":[1234,1239],"class_list":["post-259063","post","type-post","status-publish","format-standard","has-post-thumbnail","hentry","category-esportius"],"_links":{"self":[{"href":"https:\/\/museros.org\/inici\/wp-json\/wp\/v2\/posts\/259063","targetHints":{"allow":["GET"]}}],"collection":[{"href":"https:\/\/museros.org\/inici\/wp-json\/wp\/v2\/posts"}],"about":[{"href":"https:\/\/museros.org\/inici\/wp-json\/wp\/v2\/types\/post"}],"author":[{"embeddable":true,"href":"https:\/\/museros.org\/inici\/wp-json\/wp\/v2\/users\/8"}],"replies":[{"embeddable":true,"href":"https:\/\/museros.org\/inici\/wp-json\/wp\/v2\/comments?post=259063"}],"version-history":[{"count":3,"href":"https:\/\/museros.org\/inici\/wp-json\/wp\/v2\/posts\/259063\/revisions"}],"predecessor-version":[{"id":259076,"href":"https:\/\/museros.org\/inici\/wp-json\/wp\/v2\/posts\/259063\/revisions\/259076"}],"wp:featuredmedia":[{"embeddable":true,"href":"https:\/\/museros.org\/inici\/wp-json\/wp\/v2\/media\/259064"}],"wp:attachment":[{"href":"https:\/\/museros.org\/inici\/wp-json\/wp\/v2\/media?parent=259063"}],"wp:term":[{"taxonomy":"category","embeddable":true,"href":"https:\/\/museros.org\/inici\/wp-json\/wp\/v2\/categories?post=259063"},{"taxonomy":"post_tag","embeddable":true,"href":"https:\/\/museros.org\/inici\/wp-json\/wp\/v2\/tags?post=259063"},{"taxonomy":"wf_post_folders","embeddable":true,"href":"https:\/\/museros.org\/inici\/wp-json\/wp\/v2\/wf_post_folders?post=259063"}],"curies":[{"name":"wp","href":"https:\/\/api.w.org\/{rel}","templated":true}]}}