{"id":259022,"date":"2022-05-10T13:43:41","date_gmt":"2022-05-10T13:43:41","guid":{"rendered":"https:\/\/museros.org\/inici\/?p=259022"},"modified":"2022-05-17T13:56:48","modified_gmt":"2022-05-17T13:56:48","slug":"ruta-de-senderismo-en-peniscola","status":"publish","type":"post","link":"https:\/\/museros.org\/inici\/es\/ruta-de-senderismo-en-peniscola\/","title":{"rendered":"Ruta de senderismo en Pe\u00f1\u00edscola"},"content":{"rendered":"\n<p>El domingo pasado se celebr\u00f3 la pen\u00faltima ruta del programa municipal de senderismo.<\/p>\n\n\n\n<p>Nos desplaz\u00e1bamos a Pe\u00f1\u00edscola para hacer un itinerario por el Parque Natural de la Serra de Irta, visitando el despoblado y disfrutando de las maravillosas vistas que nos ofrece esta ruta. Una ma\u00f1ana soleada, con muy buena temperatura dada la proximidad del mar. \u00a1Repetiremos seguro!<\/p>\n\n\n\n<p>La concejal\u00eda de Educaci\u00f3n y Deportes y la concejal\u00eda de Juventud, informan que en breve se abrir\u00e1n las inscripciones a la \u00faltima ruta, la cascada del Corbinet, en Cortes de Pall\u00e1s, que se celebrar\u00e1 el pr\u00f3ximo 12 de junio.<\/p>\n\n\n\n<p>Encontrar\u00e9is toda la informaci\u00f3n en: <a href=\"https:\/\/esportactiu.com\/senderisme-museros\/\" target=\"_blank\" rel=\"noreferrer noopener\">https:\/\/esportactiu.com\/senderisme-museros\/<\/a><\/p>\n","protected":false},"excerpt":{"rendered":"<p>El domingo pasado se celebr\u00f3 la pen\u00faltima ruta del programa municipal de senderismo.<\/p>\n","protected":false},"author":8,"featured_media":258993,"comment_status":"closed","ping_status":"closed","sticky":false,"template":"","format":"standard","meta":{"_et_pb_use_builder":"off","_et_pb_old_content":"","_et_gb_content_width":"","footnotes":""},"categories":[1250],"tags":[],"wf_post_folders":[1234,1239],"class_list":["post-259022","post","type-post","status-publish","format-standard","has-post-thumbnail","hentry","category-deportivos"],"_links":{"self":[{"href":"https:\/\/museros.org\/inici\/wp-json\/wp\/v2\/posts\/259022","targetHints":{"allow":["GET"]}}],"collection":[{"href":"https:\/\/museros.org\/inici\/wp-json\/wp\/v2\/posts"}],"about":[{"href":"https:\/\/museros.org\/inici\/wp-json\/wp\/v2\/types\/post"}],"author":[{"embeddable":true,"href":"https:\/\/museros.org\/inici\/wp-json\/wp\/v2\/users\/8"}],"replies":[{"embeddable":true,"href":"https:\/\/museros.org\/inici\/wp-json\/wp\/v2\/comments?post=259022"}],"version-history":[{"count":1,"href":"https:\/\/museros.org\/inici\/wp-json\/wp\/v2\/posts\/259022\/revisions"}],"predecessor-version":[{"id":259023,"href":"https:\/\/museros.org\/inici\/wp-json\/wp\/v2\/posts\/259022\/revisions\/259023"}],"wp:featuredmedia":[{"embeddable":true,"href":"https:\/\/museros.org\/inici\/wp-json\/wp\/v2\/media\/258993"}],"wp:attachment":[{"href":"https:\/\/museros.org\/inici\/wp-json\/wp\/v2\/media?parent=259022"}],"wp:term":[{"taxonomy":"category","embeddable":true,"href":"https:\/\/museros.org\/inici\/wp-json\/wp\/v2\/categories?post=259022"},{"taxonomy":"post_tag","embeddable":true,"href":"https:\/\/museros.org\/inici\/wp-json\/wp\/v2\/tags?post=259022"},{"taxonomy":"wf_post_folders","embeddable":true,"href":"https:\/\/museros.org\/inici\/wp-json\/wp\/v2\/wf_post_folders?post=259022"}],"curies":[{"name":"wp","href":"https:\/\/api.w.org\/{rel}","templated":true}]}}