{"id":259018,"date":"2022-05-10T13:38:11","date_gmt":"2022-05-10T13:38:11","guid":{"rendered":"https:\/\/museros.org\/inici\/?p=259018"},"modified":"2022-05-18T16:52:15","modified_gmt":"2022-05-18T16:52:15","slug":"ruta-de-senderisme-a-peniscola","status":"publish","type":"post","link":"https:\/\/museros.org\/inici\/ruta-de-senderisme-a-peniscola\/","title":{"rendered":"Ruta de senderisme a Peniscola"},"content":{"rendered":"\n<p>El diumenge passat es va portar a terme la pen\u00faltima ruta del programa municipal de senderisme.<br>Ens despla\u00e7\u00e0vem a Pen\u00edscola per a fer un itinerari pel parc natural de la Serra d&#8217;Irta, on es va visitar el despoblat i es va gaudir de les meravelloses vistes que ens ofereix aquesta ruta. Un mat\u00ed assolellat, amb molt bona temperatura per la proximitat de la mar. Repetirem de segur!<br>La Regidoria d&#8217;Educaci\u00f3 i Esports i la Regidoria de Joventut, informen que pr\u00f2ximament s&#8217;obriran les inscripcions per a l&#8217;\u00faltima ruta, cascada del Corbinet, a Cortes de Pall\u00e0s, que es far\u00e0 el pr\u00f2xim 12 de juny.<br>Trobareu tota la informaci\u00f3 en <a href=\"https:\/\/es\">https:\/\/esportactiu.com\/senderisme-museros\/<\/a><\/p>\n","protected":false},"excerpt":{"rendered":"<p>El diumenge passat es va celebrar la pen\u00faltima ruta del programa municipal de senderisme.<\/p>\n","protected":false},"author":8,"featured_media":258993,"comment_status":"closed","ping_status":"closed","sticky":false,"template":"","format":"standard","meta":{"_et_pb_use_builder":"off","_et_pb_old_content":"","_et_gb_content_width":"","footnotes":""},"categories":[1248],"tags":[],"wf_post_folders":[1234,1239],"class_list":["post-259018","post","type-post","status-publish","format-standard","has-post-thumbnail","hentry","category-esportius"],"_links":{"self":[{"href":"https:\/\/museros.org\/inici\/wp-json\/wp\/v2\/posts\/259018","targetHints":{"allow":["GET"]}}],"collection":[{"href":"https:\/\/museros.org\/inici\/wp-json\/wp\/v2\/posts"}],"about":[{"href":"https:\/\/museros.org\/inici\/wp-json\/wp\/v2\/types\/post"}],"author":[{"embeddable":true,"href":"https:\/\/museros.org\/inici\/wp-json\/wp\/v2\/users\/8"}],"replies":[{"embeddable":true,"href":"https:\/\/museros.org\/inici\/wp-json\/wp\/v2\/comments?post=259018"}],"version-history":[{"count":3,"href":"https:\/\/museros.org\/inici\/wp-json\/wp\/v2\/posts\/259018\/revisions"}],"predecessor-version":[{"id":259093,"href":"https:\/\/museros.org\/inici\/wp-json\/wp\/v2\/posts\/259018\/revisions\/259093"}],"wp:featuredmedia":[{"embeddable":true,"href":"https:\/\/museros.org\/inici\/wp-json\/wp\/v2\/media\/258993"}],"wp:attachment":[{"href":"https:\/\/museros.org\/inici\/wp-json\/wp\/v2\/media?parent=259018"}],"wp:term":[{"taxonomy":"category","embeddable":true,"href":"https:\/\/museros.org\/inici\/wp-json\/wp\/v2\/categories?post=259018"},{"taxonomy":"post_tag","embeddable":true,"href":"https:\/\/museros.org\/inici\/wp-json\/wp\/v2\/tags?post=259018"},{"taxonomy":"wf_post_folders","embeddable":true,"href":"https:\/\/museros.org\/inici\/wp-json\/wp\/v2\/wf_post_folders?post=259018"}],"curies":[{"name":"wp","href":"https:\/\/api.w.org\/{rel}","templated":true}]}}