{"id":259013,"date":"2022-05-08T13:30:41","date_gmt":"2022-05-08T13:30:41","guid":{"rendered":"https:\/\/museros.org\/inici\/?p=259013"},"modified":"2022-05-18T16:55:42","modified_gmt":"2022-05-18T16:55:42","slug":"open-despanya-de-jiujitsu","status":"publish","type":"post","link":"https:\/\/museros.org\/inici\/open-despanya-de-jiujitsu\/","title":{"rendered":"Open d&#8217;Espanya de Jiujitsu"},"content":{"rendered":"\n<p>El Club de Jujitsu de Museros va participar, dissabte 7 de maig, en el Campionat d&#8217;Espanya que es va realitzar al poliesportiu d&#8217;Alaqu\u00e0s. Aquest club va presentar vint participants en aquesta competici\u00f3, i va obtindre uns resultats excel\u00b7lents.<\/p>\n\n\n\n<p>L&#8217;equip cadet obtingu\u00e9 la primera i la segona posici\u00f3 en el medaller, medalla d&#8217;or i de plata. En la categoria infantil, s\u2019aconseguiren tres medalles de bronze, i la categoria alev\u00ed va sumar dues medalles de bronze m\u00e9s. Tancava el medaller l&#8217;equip benjam\u00ed, amb dues medalles de plata.<\/p>\n\n\n\n<p>Enhorabona als esportistes i al club per aquests resultats. Seguiu endavant!<\/p>\n","protected":false},"excerpt":{"rendered":"<p>El Club de Jiu jitsu de Museros va participar dissabte 7 de maig a l&#8217;Open d&#8217;Espanya.<\/p>\n","protected":false},"author":8,"featured_media":259001,"comment_status":"closed","ping_status":"closed","sticky":false,"template":"","format":"standard","meta":{"_et_pb_use_builder":"off","_et_pb_old_content":"","_et_gb_content_width":"","footnotes":""},"categories":[1248],"tags":[],"wf_post_folders":[1234,1239],"class_list":["post-259013","post","type-post","status-publish","format-standard","has-post-thumbnail","hentry","category-esportius"],"_links":{"self":[{"href":"https:\/\/museros.org\/inici\/wp-json\/wp\/v2\/posts\/259013","targetHints":{"allow":["GET"]}}],"collection":[{"href":"https:\/\/museros.org\/inici\/wp-json\/wp\/v2\/posts"}],"about":[{"href":"https:\/\/museros.org\/inici\/wp-json\/wp\/v2\/types\/post"}],"author":[{"embeddable":true,"href":"https:\/\/museros.org\/inici\/wp-json\/wp\/v2\/users\/8"}],"replies":[{"embeddable":true,"href":"https:\/\/museros.org\/inici\/wp-json\/wp\/v2\/comments?post=259013"}],"version-history":[{"count":2,"href":"https:\/\/museros.org\/inici\/wp-json\/wp\/v2\/posts\/259013\/revisions"}],"predecessor-version":[{"id":259097,"href":"https:\/\/museros.org\/inici\/wp-json\/wp\/v2\/posts\/259013\/revisions\/259097"}],"wp:featuredmedia":[{"embeddable":true,"href":"https:\/\/museros.org\/inici\/wp-json\/wp\/v2\/media\/259001"}],"wp:attachment":[{"href":"https:\/\/museros.org\/inici\/wp-json\/wp\/v2\/media?parent=259013"}],"wp:term":[{"taxonomy":"category","embeddable":true,"href":"https:\/\/museros.org\/inici\/wp-json\/wp\/v2\/categories?post=259013"},{"taxonomy":"post_tag","embeddable":true,"href":"https:\/\/museros.org\/inici\/wp-json\/wp\/v2\/tags?post=259013"},{"taxonomy":"wf_post_folders","embeddable":true,"href":"https:\/\/museros.org\/inici\/wp-json\/wp\/v2\/wf_post_folders?post=259013"}],"curies":[{"name":"wp","href":"https:\/\/api.w.org\/{rel}","templated":true}]}}