{"id":258321,"date":"2022-04-13T12:03:50","date_gmt":"2022-04-13T12:03:50","guid":{"rendered":"https:\/\/museros.org\/inici\/?p=258321"},"modified":"2022-04-21T12:06:05","modified_gmt":"2022-04-21T12:06:05","slug":"carrera-solidaria","status":"publish","type":"post","link":"https:\/\/museros.org\/inici\/es\/carrera-solidaria\/","title":{"rendered":"Carrera solidaria"},"content":{"rendered":"\n<h2 class=\"wp-block-heading\">Museros recauda m\u00e1s de 4.500 euros para ayudar a las personas que padecen distrofia muscular \u2018Duchenne\u2019<\/h2>\n\n\n\n<p><strong>La carrera de 5K fue organizada por el Grup de Correr Museros en colaboraci\u00f3n con el Ayuntamiento<\/strong><\/p>\n\n\n\n<p>El pasado 26 de marzo los vecinos y las vecinas de Museros participaron en una carrera con el objetivo de recaudar fondos y destinarlos a Duchenne Parent Project Espa\u00f1a, la asociaci\u00f3n que ayuda a las personas que padecen distrofia muscular \u2018Duchenne\u2019, un desorden progresivo del m\u00fasculo que causa la p\u00e9rdida de su funci\u00f3n y por lo tanto los afectados terminan perdiendo totalmente su independencia.<\/p>\n\n\n\n<p>La carrera, organizada por el Grup de Correr Museros en colaboraci\u00f3n con el Ayuntamiento del municipio, tuvo un recorrido de cinco kil\u00f3metros y logr\u00f3 la participaci\u00f3n de un total de 383 personas, las cuales mostraron su agradecimiento por la buena iniciativa y la organizaci\u00f3n del evento deportivo.<\/p>\n\n\n\n<p>\u201cGracias a la gran participaci\u00f3n de la gente de Museros, hemos conseguido recaudar un total de 4.577,59 euros para destinarlos \u00edntegramente a esta asociaci\u00f3n. Desde el Ayuntamiento siempre apoyaremos iniciativas solidarias, porque adem\u00e1s de recaudar fondos y ayudar a la gente, sirven para crear un buen ambiente sano y participativo en nuestras calles\u201d, coment\u00f3 Cristina Civera, alcaldesa de Museros.<\/p>\n\n\n\n<p>\u201cEsperamos que esto sea el principio y sigamos haciendo iniciativas como esta en nuestro pueblo. Museros es muy solidario y creo que lo hemos conseguido demostrar. Con todo esto puedo afirmar que el gran sacrificio que llevamos haciendo desde el mes de septiembre ha sido m\u00e1s que recompensado y es con todo esto con lo que nos queremos quedar\u201d a\u00f1adi\u00f3 Raquel Alcover, presidenta del Grup de Correr Museros.<\/p>\n\n\n\n<p>La pr\u00f3xima carrera en Museros ser\u00e1 la del Circuito Horta Nord, que tendr\u00e1 un recorrido de siete kil\u00f3metros y se realizar\u00e1 el 24 de septiembre.<\/p>\n","protected":false},"excerpt":{"rendered":"<p>Museros recauda m\u00e1s de 4.500 euros para ayudar a las personas que padecen distrofia muscular \u2018Duchenne\u2019<\/p>\n","protected":false},"author":8,"featured_media":258316,"comment_status":"closed","ping_status":"closed","sticky":false,"template":"","format":"standard","meta":{"_et_pb_use_builder":"off","_et_pb_old_content":"","_et_gb_content_width":"","footnotes":""},"categories":[1250],"tags":[],"wf_post_folders":[1239],"class_list":["post-258321","post","type-post","status-publish","format-standard","has-post-thumbnail","hentry","category-deportivos"],"_links":{"self":[{"href":"https:\/\/museros.org\/inici\/wp-json\/wp\/v2\/posts\/258321","targetHints":{"allow":["GET"]}}],"collection":[{"href":"https:\/\/museros.org\/inici\/wp-json\/wp\/v2\/posts"}],"about":[{"href":"https:\/\/museros.org\/inici\/wp-json\/wp\/v2\/types\/post"}],"author":[{"embeddable":true,"href":"https:\/\/museros.org\/inici\/wp-json\/wp\/v2\/users\/8"}],"replies":[{"embeddable":true,"href":"https:\/\/museros.org\/inici\/wp-json\/wp\/v2\/comments?post=258321"}],"version-history":[{"count":1,"href":"https:\/\/museros.org\/inici\/wp-json\/wp\/v2\/posts\/258321\/revisions"}],"predecessor-version":[{"id":258322,"href":"https:\/\/museros.org\/inici\/wp-json\/wp\/v2\/posts\/258321\/revisions\/258322"}],"wp:featuredmedia":[{"embeddable":true,"href":"https:\/\/museros.org\/inici\/wp-json\/wp\/v2\/media\/258316"}],"wp:attachment":[{"href":"https:\/\/museros.org\/inici\/wp-json\/wp\/v2\/media?parent=258321"}],"wp:term":[{"taxonomy":"category","embeddable":true,"href":"https:\/\/museros.org\/inici\/wp-json\/wp\/v2\/categories?post=258321"},{"taxonomy":"post_tag","embeddable":true,"href":"https:\/\/museros.org\/inici\/wp-json\/wp\/v2\/tags?post=258321"},{"taxonomy":"wf_post_folders","embeddable":true,"href":"https:\/\/museros.org\/inici\/wp-json\/wp\/v2\/wf_post_folders?post=258321"}],"curies":[{"name":"wp","href":"https:\/\/api.w.org\/{rel}","templated":true}]}}