{"id":258319,"date":"2022-04-21T12:02:26","date_gmt":"2022-04-21T12:02:26","guid":{"rendered":"https:\/\/museros.org\/inici\/?p=258319"},"modified":"2022-04-21T12:05:01","modified_gmt":"2022-04-21T12:05:01","slug":"cursa-solidaria","status":"publish","type":"post","link":"https:\/\/museros.org\/inici\/cursa-solidaria\/","title":{"rendered":"Carrera solid\u00e0ria"},"content":{"rendered":"\n<h2 class=\"wp-block-heading\">Museros recapta m\u00e9s de 4.500 euros per a ajudar a les persones que pateixen distr\u00f2fia muscular \u2018Duchenne\u2019<\/h2>\n\n\n\n<p><strong>La carrera de 5K va ser organitzada pel Grup de C\u00f3rrer Museros en col\u00b7laboraci\u00f3 amb l&#8217;Ajuntament<\/strong><\/p>\n\n\n\n<p>El passat 26 de mar\u00e7 els ve\u00efns i les ve\u00efnes de Museros van participar en una carrera amb l&#8217;objectiu de recaptar fons i destinar-los a Duchenne Parent Project Espa\u00f1a, l&#8217;associaci\u00f3 que ajuda a les persones que pateixen distr\u00f2fia muscular \u2018Duchenne\u2019, un desordre progressiu del m\u00fascul que causa la p\u00e8rdua de la seua funci\u00f3 i per tant els afectats acaben perdent totalment la seua independ\u00e8ncia.<\/p>\n\n\n\n<p>La carrera, organitzada pel Grup de C\u00f3rrer Museros en col\u00b7laboraci\u00f3 amb l&#8217;Ajuntament del municipi, va tindre un recorregut de cinc quil\u00f2metres i va aconseguir la participaci\u00f3 d&#8217;un total de 383 persones, les quals van mostrar el seu agra\u00efment per la bona iniciativa i l&#8217;organitzaci\u00f3 de l&#8217;esdeveniment esportiu.<\/p>\n\n\n\n<p>\u201cGr\u00e0cies a la gran participaci\u00f3 de la gent de Museros, hem aconseguit recaptar un total de 4.577,59 euros per a destinar-los \u00edntegrament a aquesta associaci\u00f3. Des de l&#8217;Ajuntament sempre donarem suport a iniciatives solid\u00e0ries, perqu\u00e8 a m\u00e9s de recaptar fons i ajudar a la gent, serveixen per a crear un bon ambient sa i participatiu als nostres carrers\u201d, va comentar Cristina Civera, alcaldessa de Museros.<\/p>\n\n\n\n<p>\u201cEsperem que aix\u00f2 siga el principi i continuem fent iniciatives com aquesta al nostre poble. Museros \u00e9s molt solidari i crec que ho hem aconseguit demostrar. Amb tot aix\u00f2 puc afirmar que el gran sacrifici que portem fent des del mes de setembre ha sigut m\u00e9s que recompensat i \u00e9s amb tot aix\u00f2 amb el que ens volem quedar\u201d va afegir Raquel Alcover, presidenta del Grup de C\u00f3rrer Museros.<\/p>\n\n\n\n<p>La pr\u00f2xima carrera a Museros ser\u00e0 la del Circuit Horta Nord, que tindr\u00e0 un recorregut de set quil\u00f2metres i es realitzar\u00e0 el 24 de setembre.<\/p>\n","protected":false},"excerpt":{"rendered":"<p>Museros recapta m\u00e9s de 4.500 euros per a ajudar a les persones que pateixen distr\u00f2fia muscular \u2018Duchenne\u2019<\/p>\n","protected":false},"author":8,"featured_media":258316,"comment_status":"closed","ping_status":"closed","sticky":false,"template":"","format":"standard","meta":{"_et_pb_use_builder":"off","_et_pb_old_content":"","_et_gb_content_width":"","footnotes":""},"categories":[1248],"tags":[],"wf_post_folders":[1239],"class_list":["post-258319","post","type-post","status-publish","format-standard","has-post-thumbnail","hentry","category-esportius"],"_links":{"self":[{"href":"https:\/\/museros.org\/inici\/wp-json\/wp\/v2\/posts\/258319","targetHints":{"allow":["GET"]}}],"collection":[{"href":"https:\/\/museros.org\/inici\/wp-json\/wp\/v2\/posts"}],"about":[{"href":"https:\/\/museros.org\/inici\/wp-json\/wp\/v2\/types\/post"}],"author":[{"embeddable":true,"href":"https:\/\/museros.org\/inici\/wp-json\/wp\/v2\/users\/8"}],"replies":[{"embeddable":true,"href":"https:\/\/museros.org\/inici\/wp-json\/wp\/v2\/comments?post=258319"}],"version-history":[{"count":2,"href":"https:\/\/museros.org\/inici\/wp-json\/wp\/v2\/posts\/258319\/revisions"}],"predecessor-version":[{"id":258323,"href":"https:\/\/museros.org\/inici\/wp-json\/wp\/v2\/posts\/258319\/revisions\/258323"}],"wp:featuredmedia":[{"embeddable":true,"href":"https:\/\/museros.org\/inici\/wp-json\/wp\/v2\/media\/258316"}],"wp:attachment":[{"href":"https:\/\/museros.org\/inici\/wp-json\/wp\/v2\/media?parent=258319"}],"wp:term":[{"taxonomy":"category","embeddable":true,"href":"https:\/\/museros.org\/inici\/wp-json\/wp\/v2\/categories?post=258319"},{"taxonomy":"post_tag","embeddable":true,"href":"https:\/\/museros.org\/inici\/wp-json\/wp\/v2\/tags?post=258319"},{"taxonomy":"wf_post_folders","embeddable":true,"href":"https:\/\/museros.org\/inici\/wp-json\/wp\/v2\/wf_post_folders?post=258319"}],"curies":[{"name":"wp","href":"https:\/\/api.w.org\/{rel}","templated":true}]}}