{"id":257485,"date":"2022-02-03T15:27:00","date_gmt":"2022-02-03T15:27:00","guid":{"rendered":"https:\/\/museros.org\/inici\/?p=257485"},"modified":"2022-04-06T16:22:53","modified_gmt":"2022-04-06T16:22:53","slug":"garbi-desde-estivella","status":"publish","type":"post","link":"https:\/\/museros.org\/inici\/es\/garbi-desde-estivella\/","title":{"rendered":"Garb\u00ed desde Estivella"},"content":{"rendered":"\n<p>Este domingo se ha celebrado la cuarta ruta del programa municipal de senderismo. Nos hemos desplazado hasta Estivella para hacer la ruta del Garb\u00ed. Hemos disfrutado de un d\u00eda soleado y de una excelente ruta que hemos podido disfrutar todas las personas participantes.<br>La concejal\u00eda de Educaci\u00f3n y Deportes, y la concejal\u00eda de Juventud, informan que ya est\u00e1n abiertas las inscripciones en la quinta ruta, Nevera de Castro, que se celebrar\u00e1 el pr\u00f3ximo 3 de abril.<br>Encontrar\u00e9is toda la informaci\u00f3n en <a rel=\"noreferrer noopener\" href=\"https:\/\/esportactiu.com\/senderisme-museros\/\" target=\"_blank\">https:\/\/esportactiu.com\/senderisme-museros\/<\/a><\/p>\n\n\n\n<p>ProgramaSenderismeMunicipal #RutaSenderista #Senderisme #AjuntamentDeMuseros #Museros<\/p>\n","protected":false},"excerpt":{"rendered":"<p>Ruta del Garb\u00ed desde Estivella.<\/p>\n","protected":false},"author":8,"featured_media":257483,"comment_status":"closed","ping_status":"closed","sticky":false,"template":"","format":"standard","meta":{"_et_pb_use_builder":"off","_et_pb_old_content":"","_et_gb_content_width":"","footnotes":""},"categories":[1250],"tags":[],"wf_post_folders":[1239],"class_list":["post-257485","post","type-post","status-publish","format-standard","has-post-thumbnail","hentry","category-deportivos"],"_links":{"self":[{"href":"https:\/\/museros.org\/inici\/wp-json\/wp\/v2\/posts\/257485","targetHints":{"allow":["GET"]}}],"collection":[{"href":"https:\/\/museros.org\/inici\/wp-json\/wp\/v2\/posts"}],"about":[{"href":"https:\/\/museros.org\/inici\/wp-json\/wp\/v2\/types\/post"}],"author":[{"embeddable":true,"href":"https:\/\/museros.org\/inici\/wp-json\/wp\/v2\/users\/8"}],"replies":[{"embeddable":true,"href":"https:\/\/museros.org\/inici\/wp-json\/wp\/v2\/comments?post=257485"}],"version-history":[{"count":4,"href":"https:\/\/museros.org\/inici\/wp-json\/wp\/v2\/posts\/257485\/revisions"}],"predecessor-version":[{"id":257522,"href":"https:\/\/museros.org\/inici\/wp-json\/wp\/v2\/posts\/257485\/revisions\/257522"}],"wp:featuredmedia":[{"embeddable":true,"href":"https:\/\/museros.org\/inici\/wp-json\/wp\/v2\/media\/257483"}],"wp:attachment":[{"href":"https:\/\/museros.org\/inici\/wp-json\/wp\/v2\/media?parent=257485"}],"wp:term":[{"taxonomy":"category","embeddable":true,"href":"https:\/\/museros.org\/inici\/wp-json\/wp\/v2\/categories?post=257485"},{"taxonomy":"post_tag","embeddable":true,"href":"https:\/\/museros.org\/inici\/wp-json\/wp\/v2\/tags?post=257485"},{"taxonomy":"wf_post_folders","embeddable":true,"href":"https:\/\/museros.org\/inici\/wp-json\/wp\/v2\/wf_post_folders?post=257485"}],"curies":[{"name":"wp","href":"https:\/\/api.w.org\/{rel}","templated":true}]}}