{"id":257482,"date":"2022-02-03T15:25:00","date_gmt":"2022-02-03T15:25:00","guid":{"rendered":"https:\/\/museros.org\/inici\/?p=257482"},"modified":"2022-04-06T15:26:00","modified_gmt":"2022-04-06T15:26:00","slug":"garbi-des-destivella","status":"publish","type":"post","link":"https:\/\/museros.org\/inici\/garbi-des-destivella\/","title":{"rendered":"Garb\u00ed des d&#8217;Estivella"},"content":{"rendered":"\n<p>Aquest diumenge s&#8217;ha celebrat la quarta ruta del programa municipal de senderisme. Ens hem despla\u00e7at fins a Estivella per a fer la ruta del Garb\u00ed. Hem disfrutat d&#8217;un dia assolellat i d&#8217;una excel\u00b7lent ruta que hem pogut gaudir totes les persones participants.<br>La regidoria d&#8217;Educaci\u00f3 i Esports, i la regidoria de Joventut, informen que ja estan obertes les inscripcions a la cinquena ruta, Nevera de Castro, que se celebrar\u00e0 el pr\u00f2xim 3 d&#8217;abril.<br>Trobareu tota la informaci\u00f3 en <a href=\"https:\/\/esportactiu.com\/senderisme-museros\/\" target=\"_blank\" rel=\"noreferrer noopener\">https:\/\/esportactiu.com\/senderisme-museros\/<\/a><\/p>\n\n\n\n<p>ProgramaSenderismeMunicipal #RutaSenderista #Senderisme #AjuntamentDeMuseros #Museros<\/p>\n","protected":false},"excerpt":{"rendered":"<p>Ruta del Garb\u00ed des d&#8217;Estivella.<\/p>\n","protected":false},"author":8,"featured_media":257483,"comment_status":"closed","ping_status":"closed","sticky":false,"template":"","format":"standard","meta":{"_et_pb_use_builder":"off","_et_pb_old_content":"","_et_gb_content_width":"","footnotes":""},"categories":[1248],"tags":[],"wf_post_folders":[1239],"class_list":["post-257482","post","type-post","status-publish","format-standard","has-post-thumbnail","hentry","category-esportius"],"_links":{"self":[{"href":"https:\/\/museros.org\/inici\/wp-json\/wp\/v2\/posts\/257482","targetHints":{"allow":["GET"]}}],"collection":[{"href":"https:\/\/museros.org\/inici\/wp-json\/wp\/v2\/posts"}],"about":[{"href":"https:\/\/museros.org\/inici\/wp-json\/wp\/v2\/types\/post"}],"author":[{"embeddable":true,"href":"https:\/\/museros.org\/inici\/wp-json\/wp\/v2\/users\/8"}],"replies":[{"embeddable":true,"href":"https:\/\/museros.org\/inici\/wp-json\/wp\/v2\/comments?post=257482"}],"version-history":[{"count":1,"href":"https:\/\/museros.org\/inici\/wp-json\/wp\/v2\/posts\/257482\/revisions"}],"predecessor-version":[{"id":257484,"href":"https:\/\/museros.org\/inici\/wp-json\/wp\/v2\/posts\/257482\/revisions\/257484"}],"wp:featuredmedia":[{"embeddable":true,"href":"https:\/\/museros.org\/inici\/wp-json\/wp\/v2\/media\/257483"}],"wp:attachment":[{"href":"https:\/\/museros.org\/inici\/wp-json\/wp\/v2\/media?parent=257482"}],"wp:term":[{"taxonomy":"category","embeddable":true,"href":"https:\/\/museros.org\/inici\/wp-json\/wp\/v2\/categories?post=257482"},{"taxonomy":"post_tag","embeddable":true,"href":"https:\/\/museros.org\/inici\/wp-json\/wp\/v2\/tags?post=257482"},{"taxonomy":"wf_post_folders","embeddable":true,"href":"https:\/\/museros.org\/inici\/wp-json\/wp\/v2\/wf_post_folders?post=257482"}],"curies":[{"name":"wp","href":"https:\/\/api.w.org\/{rel}","templated":true}]}}