{"id":257465,"date":"2021-11-30T15:09:00","date_gmt":"2021-11-30T15:09:00","guid":{"rendered":"https:\/\/museros.org\/inici\/?p=257465"},"modified":"2022-04-06T16:17:41","modified_gmt":"2022-04-06T16:17:41","slug":"la-vuelta-de-la-hoz-xerica","status":"publish","type":"post","link":"https:\/\/museros.org\/inici\/la-vuelta-de-la-hoz-xerica\/","title":{"rendered":"&#8216;La Vuelta de la Hoz&#8217;, X\u00e8rica"},"content":{"rendered":"\n<p>El diumenge passat es va celebrar la segona de les rutes del programa de Senderisme Municipal, &#8216;La Vuelta de la Hoz&#8217; al terme municipal de X\u00e8rica a la Serra d&#8217;Espad\u00e0.<br>Vam tindre un mat\u00ed fred i amb vent, per\u00f2 vam poder disfrutar d&#8217;una ruta molt entretinguda.<br>La regidoria d&#8217;Educaci\u00f3 i Esports i la regidoria de Joventut informen que ja estan obertes les inscripcions a la tercera ruta, Aq\u00fceducte de Penya Tallada, que se celebrar\u00e0 el pr\u00f2xim 12 de desembre. Trobareu tota la informaci\u00f3 en <a rel=\"noreferrer noopener\" href=\"https:\/\/esportactiu.com\/senderisme-museros\/\" target=\"_blank\">https:\/\/esportactiu.com\/senderisme-museros\/<\/a><\/p>\n\n\n\n<p>ProgramaSenderismeMunicipal #RutaSenderista #Senderisme #AjuntamentDeMuseros #Museros<\/p>\n","protected":false},"excerpt":{"rendered":"<p>Ruta &#8216;La Vuelta de la Hoz&#8217; des de X\u00e8rica.<\/p>\n","protected":false},"author":8,"featured_media":257466,"comment_status":"closed","ping_status":"closed","sticky":false,"template":"","format":"standard","meta":{"_et_pb_use_builder":"off","_et_pb_old_content":"","_et_gb_content_width":"","footnotes":""},"categories":[1248],"tags":[],"wf_post_folders":[1239],"class_list":["post-257465","post","type-post","status-publish","format-standard","has-post-thumbnail","hentry","category-esportius"],"_links":{"self":[{"href":"https:\/\/museros.org\/inici\/wp-json\/wp\/v2\/posts\/257465","targetHints":{"allow":["GET"]}}],"collection":[{"href":"https:\/\/museros.org\/inici\/wp-json\/wp\/v2\/posts"}],"about":[{"href":"https:\/\/museros.org\/inici\/wp-json\/wp\/v2\/types\/post"}],"author":[{"embeddable":true,"href":"https:\/\/museros.org\/inici\/wp-json\/wp\/v2\/users\/8"}],"replies":[{"embeddable":true,"href":"https:\/\/museros.org\/inici\/wp-json\/wp\/v2\/comments?post=257465"}],"version-history":[{"count":9,"href":"https:\/\/museros.org\/inici\/wp-json\/wp\/v2\/posts\/257465\/revisions"}],"predecessor-version":[{"id":257518,"href":"https:\/\/museros.org\/inici\/wp-json\/wp\/v2\/posts\/257465\/revisions\/257518"}],"wp:featuredmedia":[{"embeddable":true,"href":"https:\/\/museros.org\/inici\/wp-json\/wp\/v2\/media\/257466"}],"wp:attachment":[{"href":"https:\/\/museros.org\/inici\/wp-json\/wp\/v2\/media?parent=257465"}],"wp:term":[{"taxonomy":"category","embeddable":true,"href":"https:\/\/museros.org\/inici\/wp-json\/wp\/v2\/categories?post=257465"},{"taxonomy":"post_tag","embeddable":true,"href":"https:\/\/museros.org\/inici\/wp-json\/wp\/v2\/tags?post=257465"},{"taxonomy":"wf_post_folders","embeddable":true,"href":"https:\/\/museros.org\/inici\/wp-json\/wp\/v2\/wf_post_folders?post=257465"}],"curies":[{"name":"wp","href":"https:\/\/api.w.org\/{rel}","templated":true}]}}