{"id":257462,"date":"2021-10-26T15:02:25","date_gmt":"2021-10-26T15:02:25","guid":{"rendered":"https:\/\/museros.org\/inici\/?p=257462"},"modified":"2022-04-06T16:19:16","modified_gmt":"2022-04-06T16:19:16","slug":"castell-de-beniali-sierra-de-espadan","status":"publish","type":"post","link":"https:\/\/museros.org\/inici\/es\/castell-de-beniali-sierra-de-espadan\/","title":{"rendered":"&#8216;Castell de Benial\u00ed&#8217;, Sierra de Espad\u00e1n"},"content":{"rendered":"\n<p>El pasado domingo se celebr\u00f3 la primera de las rutas del programa de Senderismo Municipal, en la cual se visit\u00f3 el &#8216;Castell de Benial\u00ed&#8217;, en el parque natural de la Sierra de Espad\u00e1n. Un total de 50 participantes se desplazaron desde Museros para completar este recorrido.<br>La concejal\u00eda de Educaci\u00f3n y Deportes y la concejal\u00eda de Juventud informan que ya est\u00e1n abiertas las inscripciones a la segunda ruta, Vuelta de la Hoz, que se celebrar\u00e1 el pr\u00f3ximo 28 de noviembre. Encontrar\u00e9is toda la informaci\u00f3n en <a rel=\"noreferrer noopener\" href=\"https:\/\/esportactiu.com\/senderisme-museros\/\" target=\"_blank\">https:\/\/esportactiu.com\/senderisme-museros\/<\/a><\/p>\n\n\n\n<p>ProgramaSenderismeMunicipal #RutaSenderista #Senderisme #AjuntamentDeMuseros #Museros<\/p>\n\n\n\n<p><\/p>\n","protected":false},"excerpt":{"rendered":"<p>Ruta al &#8216;Castell de Benial\u00ed&#8217;, en el parque natural de la Sierra de Espad\u00e1n.<\/p>\n","protected":false},"author":8,"featured_media":257460,"comment_status":"closed","ping_status":"closed","sticky":false,"template":"","format":"standard","meta":{"_et_pb_use_builder":"off","_et_pb_old_content":"","_et_gb_content_width":"","footnotes":""},"categories":[1250],"tags":[],"wf_post_folders":[1239],"class_list":["post-257462","post","type-post","status-publish","format-standard","has-post-thumbnail","hentry","category-deportivos"],"_links":{"self":[{"href":"https:\/\/museros.org\/inici\/wp-json\/wp\/v2\/posts\/257462","targetHints":{"allow":["GET"]}}],"collection":[{"href":"https:\/\/museros.org\/inici\/wp-json\/wp\/v2\/posts"}],"about":[{"href":"https:\/\/museros.org\/inici\/wp-json\/wp\/v2\/types\/post"}],"author":[{"embeddable":true,"href":"https:\/\/museros.org\/inici\/wp-json\/wp\/v2\/users\/8"}],"replies":[{"embeddable":true,"href":"https:\/\/museros.org\/inici\/wp-json\/wp\/v2\/comments?post=257462"}],"version-history":[{"count":8,"href":"https:\/\/museros.org\/inici\/wp-json\/wp\/v2\/posts\/257462\/revisions"}],"predecessor-version":[{"id":257519,"href":"https:\/\/museros.org\/inici\/wp-json\/wp\/v2\/posts\/257462\/revisions\/257519"}],"wp:featuredmedia":[{"embeddable":true,"href":"https:\/\/museros.org\/inici\/wp-json\/wp\/v2\/media\/257460"}],"wp:attachment":[{"href":"https:\/\/museros.org\/inici\/wp-json\/wp\/v2\/media?parent=257462"}],"wp:term":[{"taxonomy":"category","embeddable":true,"href":"https:\/\/museros.org\/inici\/wp-json\/wp\/v2\/categories?post=257462"},{"taxonomy":"post_tag","embeddable":true,"href":"https:\/\/museros.org\/inici\/wp-json\/wp\/v2\/tags?post=257462"},{"taxonomy":"wf_post_folders","embeddable":true,"href":"https:\/\/museros.org\/inici\/wp-json\/wp\/v2\/wf_post_folders?post=257462"}],"curies":[{"name":"wp","href":"https:\/\/api.w.org\/{rel}","templated":true}]}}