{"id":257459,"date":"2021-10-26T14:58:17","date_gmt":"2021-10-26T14:58:17","guid":{"rendered":"https:\/\/museros.org\/inici\/?p=257459"},"modified":"2022-04-06T16:16:25","modified_gmt":"2022-04-06T16:16:25","slug":"castell-de-benali-serra-despada","status":"publish","type":"post","link":"https:\/\/museros.org\/inici\/castell-de-benali-serra-despada\/","title":{"rendered":"Castell de Benial\u00ed, serra d&#8217;Espad\u00e0"},"content":{"rendered":"\n<p>El diumenge passat es va celebrar la primera de les rutes del programa de Senderisme Municipal, en la qual es va visitar el Castell de Benial\u00ed, al parc natural de la Serra d&#8217;Espad\u00e0. Un total de 50 participants es van despla\u00e7ar des de Museros per a completar aquest recorregut.<br>La regidoria d&#8217;Educaci\u00f3 i Esports i la regidoria de Joventut informen que ja estan obertes les inscripcions a la segona ruta, &#8216;Volta de la Hoz&#8217;, que se celebrar\u00e0 el pr\u00f2xim 28 de novembre. Trobareu tota la informaci\u00f3 en <a rel=\"noreferrer noopener\" href=\"https:\/\/esportactiu.com\/senderisme-museros\/\" target=\"_blank\">https:\/\/esportactiu.com\/senderisme-museros\/<\/a><\/p>\n\n\n\n<p>ProgramaSenderismeMunicipal #RutaSenderista #Senderisme #AjuntamentDeMuseros #Museros<\/p>\n","protected":false},"excerpt":{"rendered":"<p>Ruta al Castell de Benial\u00ed, al parc natural de la Serra d&#8217;Espad\u00e0.<\/p>\n","protected":false},"author":8,"featured_media":257460,"comment_status":"closed","ping_status":"closed","sticky":false,"template":"","format":"standard","meta":{"_et_pb_use_builder":"off","_et_pb_old_content":"","_et_gb_content_width":"","footnotes":""},"categories":[1248],"tags":[],"wf_post_folders":[1239],"class_list":["post-257459","post","type-post","status-publish","format-standard","has-post-thumbnail","hentry","category-esportius"],"_links":{"self":[{"href":"https:\/\/museros.org\/inici\/wp-json\/wp\/v2\/posts\/257459","targetHints":{"allow":["GET"]}}],"collection":[{"href":"https:\/\/museros.org\/inici\/wp-json\/wp\/v2\/posts"}],"about":[{"href":"https:\/\/museros.org\/inici\/wp-json\/wp\/v2\/types\/post"}],"author":[{"embeddable":true,"href":"https:\/\/museros.org\/inici\/wp-json\/wp\/v2\/users\/8"}],"replies":[{"embeddable":true,"href":"https:\/\/museros.org\/inici\/wp-json\/wp\/v2\/comments?post=257459"}],"version-history":[{"count":5,"href":"https:\/\/museros.org\/inici\/wp-json\/wp\/v2\/posts\/257459\/revisions"}],"predecessor-version":[{"id":257517,"href":"https:\/\/museros.org\/inici\/wp-json\/wp\/v2\/posts\/257459\/revisions\/257517"}],"wp:featuredmedia":[{"embeddable":true,"href":"https:\/\/museros.org\/inici\/wp-json\/wp\/v2\/media\/257460"}],"wp:attachment":[{"href":"https:\/\/museros.org\/inici\/wp-json\/wp\/v2\/media?parent=257459"}],"wp:term":[{"taxonomy":"category","embeddable":true,"href":"https:\/\/museros.org\/inici\/wp-json\/wp\/v2\/categories?post=257459"},{"taxonomy":"post_tag","embeddable":true,"href":"https:\/\/museros.org\/inici\/wp-json\/wp\/v2\/tags?post=257459"},{"taxonomy":"wf_post_folders","embeddable":true,"href":"https:\/\/museros.org\/inici\/wp-json\/wp\/v2\/wf_post_folders?post=257459"}],"curies":[{"name":"wp","href":"https:\/\/api.w.org\/{rel}","templated":true}]}}