{"id":256033,"date":"2022-03-25T08:20:04","date_gmt":"2022-03-25T08:20:04","guid":{"rendered":"https:\/\/museros.org\/inici\/?p=256033"},"modified":"2022-03-28T11:54:30","modified_gmt":"2022-03-28T11:54:30","slug":"novetats-de-lagencia-de-lectura","status":"publish","type":"post","link":"https:\/\/museros.org\/inici\/novetats-de-lagencia-de-lectura\/","title":{"rendered":"Novetats de l&#8217;ag\u00e8ncia de lectura"},"content":{"rendered":"\n<p><em>El libro negro de las horas<\/em>, d\u2019Eva Garc\u00eda Sa\u00e9nz de Urturi<br>Alg\u00fa que porta mort quaranta anys no pot ser segrestat i, \u00e9s clar, no pot sagnar. Vit\u00f2ria, 2022. El exinspector Unai L\u00f3pez d&#8217;Ayala, \u00e0lies Kraken, rep una telefonada an\u00f2nima que canviar\u00e0 el que creu saber del seu passat familiar: t\u00e9 una setmana per a trobar el llegendari llibre negre de les hores\u2026<br>Novel\u00b7la polic\u00edaca<\/p>\n\n\n\n<p><em>El cirujano de almas<\/em>, de Luis Zueco<br>Barcelona, 1796. Bruno Urdaneta nom\u00e9s t\u00e9 dotze anys quan arriba a la ciutat per a treballar com a aprenent del seu oncle Alonso, un cirurgi\u00e0 veter\u00e0 i malhumorat que prompte s&#8217;adonar\u00e0 que el seu deixeble posseeix un do molt especial. El jove protagonista encarnar\u00e0 el naixement de la figura del metge modern\u2026<br>Novel\u00b7la hist\u00f2rica<\/p>\n\n\n\n<p><em>Violeta<\/em>, d\u2019Isabel Allende<br>Violeta ve al m\u00f3n un tempestu\u00f3s dia de 1920, \u00e9s la primera xiqueta d&#8217;una fam\u00edlia de cinc bulliciosos germans. Des del principi la seua vida, estar\u00e0 marcada per esdeveniments extraordinaris, perqu\u00e8 encara se senten les ones expansives de la Gran Guerra quan la grip espanyola arriba a les ribes del seu pa\u00eds sud-americ\u00e0. La seua fam\u00edlia ho perdr\u00e0 tot i es veur\u00e0 obligada a retirar-se a una regi\u00f3 salvatge i remota del pa\u00eds\u2026<br>Novel\u00b7la hist\u00f2rica<\/p>\n\n\n\n<p><em>Melocot\u00f3n loco<\/em>, de Megan Maxwell<br>Ana i Nekane regenten un estudi de fotografia al barri antic de Madrid. Un dia es declara un incendi al seu edifici i, encara que estan acostumades a treballar amb models amb molt de glamur, no poden deixar de sorprendre&#8217;s davant aquells valerosos homes\u2026<br>Novel\u00b7la rom\u00e0ntica<\/p>\n\n\n\n<p><em>Un cuento perfecto<\/em>, d\u2019El\u00edsabet Benavent<br>Hi havia una vegada una dona que ho tenia tot i un xic que no tenia res. Hi havia una vegada una hist\u00f2ria d&#8217;amor entre l&#8217;\u00e8xit i el dubte. El\u00edsabet Benavent,<br>explora el significat de l&#8217;\u00e8xit en la vida i reflexiona amb ironia i humor sobre les imposicions socials, la pressi\u00f3 del grup i l&#8217;autoexig\u00e8ncia\u2026<br>Novel\u00b7la rom\u00e0ntica<\/p>\n\n\n\n<p><em>El manuscrito de niebla<\/em>, de Luis Garc\u00eda Jambrina<br>Al comen\u00e7ament del segle XVI, un tip\u00f2graf apareix mort de manera violenta en una impremta de Salamanca. El lloc est\u00e0 completament destrossat i ha desaparegut l&#8217;original d&#8217;un nou llibre del c\u00e8lebre humanista Antonio de Nebrija. El catedr\u00e0tic encarrega al seu antic alumne, el perquisidor Fernando de Rojas, que esbrine qui va matar el caixista i que trobe el manuscrit robat.<br>Novel\u00b7la hist\u00f2rica<\/p>\n\n\n\n<p><em>Algunas desayunan con diamantes<\/em>, yo prefiero unos churritos, de Lara Smirnov<br>Quan el cap de Roberto el convida a una festa en la seua finca de Toledo, el jove advocat accepta per comprom\u00eds. No obstant aix\u00f2, el que prometia ser una vetlada avorrida es converteix en una nit boja\u2026<br>Novel\u00b7la rom\u00e0ntica<\/p>\n","protected":false},"excerpt":{"rendered":"<p>Novetats de llibres per a adults de l\u2019ag\u00e8ncia de lectura.<\/p>\n","protected":false},"author":8,"featured_media":256494,"comment_status":"closed","ping_status":"closed","sticky":false,"template":"","format":"standard","meta":{"_et_pb_use_builder":"off","_et_pb_old_content":"","_et_gb_content_width":"","footnotes":""},"categories":[1262],"tags":[],"wf_post_folders":[1285],"class_list":["post-256033","post","type-post","status-publish","format-standard","has-post-thumbnail","hentry","category-cultura-va"],"_links":{"self":[{"href":"https:\/\/museros.org\/inici\/wp-json\/wp\/v2\/posts\/256033","targetHints":{"allow":["GET"]}}],"collection":[{"href":"https:\/\/museros.org\/inici\/wp-json\/wp\/v2\/posts"}],"about":[{"href":"https:\/\/museros.org\/inici\/wp-json\/wp\/v2\/types\/post"}],"author":[{"embeddable":true,"href":"https:\/\/museros.org\/inici\/wp-json\/wp\/v2\/users\/8"}],"replies":[{"embeddable":true,"href":"https:\/\/museros.org\/inici\/wp-json\/wp\/v2\/comments?post=256033"}],"version-history":[{"count":2,"href":"https:\/\/museros.org\/inici\/wp-json\/wp\/v2\/posts\/256033\/revisions"}],"predecessor-version":[{"id":256490,"href":"https:\/\/museros.org\/inici\/wp-json\/wp\/v2\/posts\/256033\/revisions\/256490"}],"wp:featuredmedia":[{"embeddable":true,"href":"https:\/\/museros.org\/inici\/wp-json\/wp\/v2\/media\/256494"}],"wp:attachment":[{"href":"https:\/\/museros.org\/inici\/wp-json\/wp\/v2\/media?parent=256033"}],"wp:term":[{"taxonomy":"category","embeddable":true,"href":"https:\/\/museros.org\/inici\/wp-json\/wp\/v2\/categories?post=256033"},{"taxonomy":"post_tag","embeddable":true,"href":"https:\/\/museros.org\/inici\/wp-json\/wp\/v2\/tags?post=256033"},{"taxonomy":"wf_post_folders","embeddable":true,"href":"https:\/\/museros.org\/inici\/wp-json\/wp\/v2\/wf_post_folders?post=256033"}],"curies":[{"name":"wp","href":"https:\/\/api.w.org\/{rel}","templated":true}]}}