{"id":254674,"date":"2022-02-22T16:14:12","date_gmt":"2022-02-22T16:14:12","guid":{"rendered":"https:\/\/museros.org\/inici\/?p=254674"},"modified":"2022-03-21T09:09:48","modified_gmt":"2022-03-21T09:09:48","slug":"igualdad-de-oportunidades","status":"publish","type":"post","link":"https:\/\/museros.org\/inici\/es\/igualdad-de-oportunidades\/","title":{"rendered":"Igualdad de oportunidades"},"content":{"rendered":"\n<h2 class=\"wp-block-heading\">Ciclos territoriales de l&#8217;Horta Nord en materia de igualdad de oportunidades.<\/h2>\n\n\n\n<p>Con el apoyo de la Diputaci\u00f3n de Valencia y la colaboraci\u00f3n de la Federaci\u00f3 de Dones i Col\u00b7lectius per la Igualtat de l&#8217;Horta Nord, los d\u00edas 7 y 21 de octubre se realizaron dos sesiones de car\u00e1cter informativo y participativo para tratar los temas de corresponsabilidad, cuidados y sector de los servicios dom\u00e9sticos.<\/p>\n\n\n\n<p>En la primera sesi\u00f3n, se abord\u00f3 la revalorizaci\u00f3n y dignificaci\u00f3n de la tarea de cuidados y de quienes cuidan; c\u00f3mo se materializa el principio de corresponsabilidad dentro y fuera del hogar; cu\u00e1les son las diferencias entre corresponsabilidad y conciliaci\u00f3n; qui\u00e9nes son los agentes responsables de la corresponsabilidad en la vida privada y p\u00fablica; y cu\u00e1l es la legislaci\u00f3n existente en materia de conciliaci\u00f3n y corresponsabilidad.<br>Por su parte, en la segunda sesi\u00f3n, enfocada a abordar los derechos y obligaciones del sector de los servicios dom\u00e9sticos, se analiz\u00f3 la feminizaci\u00f3n e invisibilidad de los cuidados, la precariedad del sector de los servicios dom\u00e9sticos y de los cuidados y las causas de la perdurabilidad de las personas trabajadoras del sector en la econom\u00eda sumergida.<br>As\u00ed mismo, se dieron a conocer los derechos y obligaciones de las personas empleadas del hogar y se explic\u00f3 la existencia y el funcionamiento del portal Import@ss. Para ello, se cont\u00f3 con profesionales expertas del \u00e1mbito universitario y del tejido asociativo de las empleadas dom\u00e9sticas.<\/p>\n","protected":false},"excerpt":{"rendered":"<p>Con el apoyo de la Diputaci\u00f3n de Valencia y la colaboraci\u00f3n de la Federaci\u00f3 de Dones i Col\u00b7lectius per la Igualtat de l&#8217;Horta Nord, los d\u00edas 7 y 21 de octubre se realizaron dos sesiones de car\u00e1cter informativo y participativo para tratar los temas de corresponsabilidad, cuidados y sector de los servicios dom\u00e9sticos.<\/p>\n","protected":false},"author":8,"featured_media":254672,"comment_status":"closed","ping_status":"closed","sticky":false,"template":"","format":"standard","meta":{"_et_pb_use_builder":"off","_et_pb_old_content":"","_et_gb_content_width":"","footnotes":""},"categories":[1146],"tags":[],"wf_post_folders":[268],"class_list":["post-254674","post","type-post","status-publish","format-standard","has-post-thumbnail","hentry","category-empleo"],"_links":{"self":[{"href":"https:\/\/museros.org\/inici\/wp-json\/wp\/v2\/posts\/254674","targetHints":{"allow":["GET"]}}],"collection":[{"href":"https:\/\/museros.org\/inici\/wp-json\/wp\/v2\/posts"}],"about":[{"href":"https:\/\/museros.org\/inici\/wp-json\/wp\/v2\/types\/post"}],"author":[{"embeddable":true,"href":"https:\/\/museros.org\/inici\/wp-json\/wp\/v2\/users\/8"}],"replies":[{"embeddable":true,"href":"https:\/\/museros.org\/inici\/wp-json\/wp\/v2\/comments?post=254674"}],"version-history":[{"count":1,"href":"https:\/\/museros.org\/inici\/wp-json\/wp\/v2\/posts\/254674\/revisions"}],"predecessor-version":[{"id":254675,"href":"https:\/\/museros.org\/inici\/wp-json\/wp\/v2\/posts\/254674\/revisions\/254675"}],"wp:featuredmedia":[{"embeddable":true,"href":"https:\/\/museros.org\/inici\/wp-json\/wp\/v2\/media\/254672"}],"wp:attachment":[{"href":"https:\/\/museros.org\/inici\/wp-json\/wp\/v2\/media?parent=254674"}],"wp:term":[{"taxonomy":"category","embeddable":true,"href":"https:\/\/museros.org\/inici\/wp-json\/wp\/v2\/categories?post=254674"},{"taxonomy":"post_tag","embeddable":true,"href":"https:\/\/museros.org\/inici\/wp-json\/wp\/v2\/tags?post=254674"},{"taxonomy":"wf_post_folders","embeddable":true,"href":"https:\/\/museros.org\/inici\/wp-json\/wp\/v2\/wf_post_folders?post=254674"}],"curies":[{"name":"wp","href":"https:\/\/api.w.org\/{rel}","templated":true}]}}