{"id":254670,"date":"2022-02-22T16:12:30","date_gmt":"2022-02-22T16:12:30","guid":{"rendered":"https:\/\/museros.org\/inici\/?p=254670"},"modified":"2022-03-16T07:09:02","modified_gmt":"2022-03-16T07:09:02","slug":"igualtat-doportunitats","status":"publish","type":"post","link":"https:\/\/museros.org\/inici\/igualtat-doportunitats\/","title":{"rendered":"Igualtat d&#8217;oportunitats"},"content":{"rendered":"\n<h2 class=\"wp-block-heading\">Cicles territorials de l&#8217;Horta Nord en mat\u00e8ria d&#8217;igualtat d&#8217;oportunitats.<\/h2>\n\n\n\n<p>Amb el suport de la Diputaci\u00f3 de Val\u00e8ncia i la col\u00b7laboraci\u00f3 de la Federaci\u00f3 de Dones i Col\u00b7lectius per la Igualtat de l&#8217;Horta Nord, els dies 7 i 21 d&#8217;octubre es van realitzar dues sessions de car\u00e0cter informatiu i participatiu per a tractar els temes de corresponsabilitat, cures i sector dels serveis dom\u00e8stics.<br>En la primera sessi\u00f3, es va abordar la revaloraci\u00f3 i dignificaci\u00f3 de la tasca de cures i dels qui cuiden; com es materialitza el principi de corresponsabilitat dins i fora de la llar; quines s\u00f3n les difer\u00e8ncies entre corresponsabilitat i conciliaci\u00f3; qui s\u00f3n els agents responsables de la corresponsabilitat en la vida privada i p\u00fablica; i quina \u00e9s la legislaci\u00f3 existent en mat\u00e8ria de conciliaci\u00f3 i corresponsabilitat.<br>Per part seua, en la segona sessi\u00f3, enfocada a abordar els drets i obligacions del sector dels serveis dom\u00e8stics, es va analitzar la feminitzaci\u00f3 i invisibilitat de les cures, la precarietat del sector dels serveis dom\u00e8stics i de les cures i les causes de la perdurabilitat de les persones treballadores del sector en l&#8217;economia submergida.<br>Aix\u00ed mateix, es van donar a con\u00e9ixer els drets i obligacions de les persones ocupades de la llar i es va explicar l&#8217;exist\u00e8ncia i el funcionament del portal Import@ss. Per a aix\u00f2, es va comptar amb professionals expertes de l&#8217;\u00e0mbit universitari i del teixit associatiu de les empleades dom\u00e8stiques.<\/p>\n","protected":false},"excerpt":{"rendered":"<p>Amb el suport de la Diputaci\u00f3 de Val\u00e8ncia i la col\u00b7laboraci\u00f3 de la Federaci\u00f3 de Dones i Col\u00b7lectius per la Igualtat de l&#8217;Horta Nord, els dies 7 i 21 d&#8217;octubre es van realitzar dues sessions de car\u00e0cter informatiu i participatiu per a tractar els temes de corresponsabilitat, cures i sector dels serveis dom\u00e8stics.<\/p>\n","protected":false},"author":8,"featured_media":254738,"comment_status":"closed","ping_status":"closed","sticky":false,"template":"","format":"standard","meta":{"_et_pb_use_builder":"off","_et_pb_old_content":"","_et_gb_content_width":"","footnotes":""},"categories":[1116],"tags":[],"wf_post_folders":[268],"class_list":["post-254670","post","type-post","status-publish","format-standard","has-post-thumbnail","hentry","category-ocupacio"],"_links":{"self":[{"href":"https:\/\/museros.org\/inici\/wp-json\/wp\/v2\/posts\/254670","targetHints":{"allow":["GET"]}}],"collection":[{"href":"https:\/\/museros.org\/inici\/wp-json\/wp\/v2\/posts"}],"about":[{"href":"https:\/\/museros.org\/inici\/wp-json\/wp\/v2\/types\/post"}],"author":[{"embeddable":true,"href":"https:\/\/museros.org\/inici\/wp-json\/wp\/v2\/users\/8"}],"replies":[{"embeddable":true,"href":"https:\/\/museros.org\/inici\/wp-json\/wp\/v2\/comments?post=254670"}],"version-history":[{"count":2,"href":"https:\/\/museros.org\/inici\/wp-json\/wp\/v2\/posts\/254670\/revisions"}],"predecessor-version":[{"id":254819,"href":"https:\/\/museros.org\/inici\/wp-json\/wp\/v2\/posts\/254670\/revisions\/254819"}],"wp:featuredmedia":[{"embeddable":true,"href":"https:\/\/museros.org\/inici\/wp-json\/wp\/v2\/media\/254738"}],"wp:attachment":[{"href":"https:\/\/museros.org\/inici\/wp-json\/wp\/v2\/media?parent=254670"}],"wp:term":[{"taxonomy":"category","embeddable":true,"href":"https:\/\/museros.org\/inici\/wp-json\/wp\/v2\/categories?post=254670"},{"taxonomy":"post_tag","embeddable":true,"href":"https:\/\/museros.org\/inici\/wp-json\/wp\/v2\/tags?post=254670"},{"taxonomy":"wf_post_folders","embeddable":true,"href":"https:\/\/museros.org\/inici\/wp-json\/wp\/v2\/wf_post_folders?post=254670"}],"curies":[{"name":"wp","href":"https:\/\/api.w.org\/{rel}","templated":true}]}}