{"id":254653,"date":"2021-11-07T08:47:00","date_gmt":"2021-11-07T08:47:00","guid":{"rendered":"https:\/\/museros.org\/inici\/?p=254653"},"modified":"2022-03-16T07:47:38","modified_gmt":"2022-03-16T07:47:38","slug":"formacion-y-empleo","status":"publish","type":"post","link":"https:\/\/museros.org\/inici\/es\/formacion-y-empleo\/","title":{"rendered":"Formaci\u00f3n y empleo"},"content":{"rendered":"\n<h2 class=\"wp-block-heading\">Finalizaci\u00f3n curso \u00abPunto Formativo Incorpora\u00bb y oferta formativa de la red.<\/h2>\n\n\n\n<p>Durante los \u00faltimos meses el Consorcio Pactem Nord ha impartido el curso \u201cAuxiliar polivalente de limpieza y lavander\u00eda en centros residenciales\u201d, el cual han completado 15 personas que se encuentran en proceso de b\u00fasqueda de empleo.<br>Esta acci\u00f3n se enmarca en el Punto Formativo del Programa Incorpora, financiado por la Fundaci\u00f3n La Caixa.<br>El objetivo del curso, que se ha realizado en el municipio de Moncada durante los meses de octubre, noviembre y diciembre, ha sido proporcionar las herramientas y conocimientos necesarios para capacitar al alumnado en el desempe\u00f1o de tareas auxiliares de limpieza y lavander\u00eda tanto en centros residenciales como en empresas del sector. De esta forma, se pretende facilitar su inserci\u00f3n en el mundo laboral.<br>La acci\u00f3n formativa, con un total de 250 horas, dio comienzo el 27 de septiembre y ha finalizado el 10 de diciembre de 2021, incluyendo formaci\u00f3n relacionada con las competencias transversales para ejercer esta ocupaci\u00f3n, as\u00ed como formaci\u00f3n t\u00e9cnica especializada. Todo ello ha estado complementado con la participaci\u00f3n de empresas del sector como BALLESOL, GESMED, SELEGNA y GESMAD, que han colaborado con Pactem Nord en la formaci\u00f3n de las personas participantes en este curso. As\u00ed, mediante diversas sesiones presenciales han transmitido aspectos pr\u00e1cticos y requerimientos espec\u00edficos del perfil profesional solicitado en los centros residenciales, resaltando las numerosas opciones de inserci\u00f3n que ofrece esta ocupaci\u00f3n.<\/p>\n","protected":false},"excerpt":{"rendered":"<p>Durante los \u00faltimos meses el Consorcio Pactem Nord ha impartido el curso \u201cAuxiliar polivalente de limpieza y lavander\u00eda en centros residenciales\u201d, el cual han completado 15 personas que se encuentran en proceso de b\u00fasqueda de empleo.<\/p>\n","protected":false},"author":8,"featured_media":254651,"comment_status":"closed","ping_status":"closed","sticky":false,"template":"","format":"standard","meta":{"_et_pb_use_builder":"off","_et_pb_old_content":"","_et_gb_content_width":"","footnotes":""},"categories":[1146],"tags":[],"wf_post_folders":[268],"class_list":["post-254653","post","type-post","status-publish","format-standard","has-post-thumbnail","hentry","category-empleo"],"_links":{"self":[{"href":"https:\/\/museros.org\/inici\/wp-json\/wp\/v2\/posts\/254653","targetHints":{"allow":["GET"]}}],"collection":[{"href":"https:\/\/museros.org\/inici\/wp-json\/wp\/v2\/posts"}],"about":[{"href":"https:\/\/museros.org\/inici\/wp-json\/wp\/v2\/types\/post"}],"author":[{"embeddable":true,"href":"https:\/\/museros.org\/inici\/wp-json\/wp\/v2\/users\/8"}],"replies":[{"embeddable":true,"href":"https:\/\/museros.org\/inici\/wp-json\/wp\/v2\/comments?post=254653"}],"version-history":[{"count":1,"href":"https:\/\/museros.org\/inici\/wp-json\/wp\/v2\/posts\/254653\/revisions"}],"predecessor-version":[{"id":254654,"href":"https:\/\/museros.org\/inici\/wp-json\/wp\/v2\/posts\/254653\/revisions\/254654"}],"wp:featuredmedia":[{"embeddable":true,"href":"https:\/\/museros.org\/inici\/wp-json\/wp\/v2\/media\/254651"}],"wp:attachment":[{"href":"https:\/\/museros.org\/inici\/wp-json\/wp\/v2\/media?parent=254653"}],"wp:term":[{"taxonomy":"category","embeddable":true,"href":"https:\/\/museros.org\/inici\/wp-json\/wp\/v2\/categories?post=254653"},{"taxonomy":"post_tag","embeddable":true,"href":"https:\/\/museros.org\/inici\/wp-json\/wp\/v2\/tags?post=254653"},{"taxonomy":"wf_post_folders","embeddable":true,"href":"https:\/\/museros.org\/inici\/wp-json\/wp\/v2\/wf_post_folders?post=254653"}],"curies":[{"name":"wp","href":"https:\/\/api.w.org\/{rel}","templated":true}]}}