{"id":254650,"date":"2021-11-07T15:16:49","date_gmt":"2021-11-07T15:16:49","guid":{"rendered":"https:\/\/museros.org\/inici\/?p=254650"},"modified":"2022-03-15T15:17:23","modified_gmt":"2022-03-15T15:17:23","slug":"formacio-i-ocupacio","status":"publish","type":"post","link":"https:\/\/museros.org\/inici\/formacio-i-ocupacio\/","title":{"rendered":"Formaci\u00f3 i ocupaci\u00f3"},"content":{"rendered":"\n<h2 class=\"wp-block-heading\">Finalitzaci\u00f3 curs \u00abPunt Formatiu Incorpora\u00bb i oferta formativa de la xarxa.<\/h2>\n\n\n\n<p>Durant els \u00faltims mesos el Consorci Pactem Nord ha impartit el curs \u201cAuxiliar polivalent de neteja i bugaderia en centres residencials\u201d, el qual han completat 15 persones que es troben en proc\u00e9s de cerca d&#8217;ocupaci\u00f3.<br>Aquesta acci\u00f3 s&#8217;emmarca en el Punt Formatiu del Programa Incorpora, finan\u00e7at per la Fundaci\u00f3 La Caixa.<br>L&#8217;objectiu del curs, que s&#8217;ha realitzat en el municipi de Moncada durant els mesos d&#8217;octubre, novembre i desembre, ha sigut proporcionar les eines i coneixements necessaris per a capacitar a l&#8217;alumnat en l&#8217;acompliment de tasques auxiliars de neteja i bugaderia tant en centres residencials com en empreses del sector. D&#8217;aquesta manera, es pret\u00e9n facilitar la seua inserci\u00f3 en el m\u00f3n laboral.<br>L&#8217;acci\u00f3 formativa, amb un total de 250 hores, va donar principi el 27 de setembre i ha finalitzat el 10 de desembre de 2021, incloent formaci\u00f3 relacionada amb les compet\u00e8ncies transversals per a exercir aquesta ocupaci\u00f3, aix\u00ed com formaci\u00f3 t\u00e8cnica especialitzada. Tot aix\u00f2 ha estat complementat amb la participaci\u00f3 d&#8217;empreses del sector com BALLESOL, GESMED, SELEGNA i GESMAD, que han col\u00b7laborat amb Pactem Nord en la formaci\u00f3 de les persones participants en aquest curs. Aix\u00ed, mitjan\u00e7ant diverses sessions presencials han transm\u00e9s aspectes pr\u00e0ctics i requeriments espec\u00edfics del perfil professional sol\u00b7licitat en els centres residencials, ressaltant les nombroses opcions d&#8217;inserci\u00f3 que ofereix aquesta ocupaci\u00f3.<\/p>\n","protected":false},"excerpt":{"rendered":"<p>Durant els \u00faltims mesos el Consorci Pactem Nord ha impartit el curs \u201cAuxiliar polivalent de neteja i bugaderia en centres residencials\u201d, el qual han completat 15 persones que es troben en proc\u00e9s de cerca d&#8217;ocupaci\u00f3.<\/p>\n","protected":false},"author":8,"featured_media":254651,"comment_status":"closed","ping_status":"closed","sticky":false,"template":"","format":"standard","meta":{"_et_pb_use_builder":"off","_et_pb_old_content":"","_et_gb_content_width":"","footnotes":""},"categories":[1116],"tags":[],"wf_post_folders":[268],"class_list":["post-254650","post","type-post","status-publish","format-standard","has-post-thumbnail","hentry","category-ocupacio"],"_links":{"self":[{"href":"https:\/\/museros.org\/inici\/wp-json\/wp\/v2\/posts\/254650","targetHints":{"allow":["GET"]}}],"collection":[{"href":"https:\/\/museros.org\/inici\/wp-json\/wp\/v2\/posts"}],"about":[{"href":"https:\/\/museros.org\/inici\/wp-json\/wp\/v2\/types\/post"}],"author":[{"embeddable":true,"href":"https:\/\/museros.org\/inici\/wp-json\/wp\/v2\/users\/8"}],"replies":[{"embeddable":true,"href":"https:\/\/museros.org\/inici\/wp-json\/wp\/v2\/comments?post=254650"}],"version-history":[{"count":1,"href":"https:\/\/museros.org\/inici\/wp-json\/wp\/v2\/posts\/254650\/revisions"}],"predecessor-version":[{"id":254652,"href":"https:\/\/museros.org\/inici\/wp-json\/wp\/v2\/posts\/254650\/revisions\/254652"}],"wp:featuredmedia":[{"embeddable":true,"href":"https:\/\/museros.org\/inici\/wp-json\/wp\/v2\/media\/254651"}],"wp:attachment":[{"href":"https:\/\/museros.org\/inici\/wp-json\/wp\/v2\/media?parent=254650"}],"wp:term":[{"taxonomy":"category","embeddable":true,"href":"https:\/\/museros.org\/inici\/wp-json\/wp\/v2\/categories?post=254650"},{"taxonomy":"post_tag","embeddable":true,"href":"https:\/\/museros.org\/inici\/wp-json\/wp\/v2\/tags?post=254650"},{"taxonomy":"wf_post_folders","embeddable":true,"href":"https:\/\/museros.org\/inici\/wp-json\/wp\/v2\/wf_post_folders?post=254650"}],"curies":[{"name":"wp","href":"https:\/\/api.w.org\/{rel}","templated":true}]}}