{"id":254648,"date":"2021-12-18T14:38:57","date_gmt":"2021-12-18T14:38:57","guid":{"rendered":"https:\/\/museros.org\/inici\/?p=254648"},"modified":"2022-03-16T07:16:23","modified_gmt":"2022-03-16T07:16:23","slug":"pacto-territorial-para-la-creacion-de-empleo","status":"publish","type":"post","link":"https:\/\/museros.org\/inici\/es\/pacto-territorial-para-la-creacion-de-empleo\/","title":{"rendered":"Pacto territorial para la creaci\u00f3n de empleo"},"content":{"rendered":"\n<h2 class=\"wp-block-heading\"><strong>Aunando esfuerzos por el empleo y el impulso del territorio.<\/strong><\/h2>\n\n\n\n<p>El Consorcio Pactem Nord ha renovado el Pacto denominado \u201cPacto territorial para la creaci\u00f3n de empleo, Pactem Nord, Valor local, aunando esfuerzos por el empleo y el impulso del territorio\u201d, que ser\u00e1 el que trace el camino de la entidad en los pr\u00f3ximos a\u00f1o.<br>Recogiendo los aprendizajes adquiridos e incorporando nuevos retos en el territorio que permitan abordar la problem\u00e1tica del desempleo. Esta propuesta que se eleva al territorio, desde el compromiso de todas las personas vinculadas al pacto territorial de empleo, incorpora un nuevo elemento: el valor local.<br>Esta renovaci\u00f3n se materializ\u00f3 simb\u00f3licamente el pasado 5 de noviembre en Alboraya con la firma de los 23 municipios que conforman la comarca Horta Nord, as\u00ed como los principales sindicatos, asociaciones empresariales y de comercio, y la Federaci\u00f3n de asociaciones de mujeres de l \u0301Horta Nord.<br>Finalizamos el a\u00f1o 2021 con la entrada de Albuixech y Paterna;. Con ello, la estrategia comarcal de empleo, asentada en los diferentes diagn\u00f3sticos territoriales realizados recientemente e implementada por todos los ayuntamientos, los sindicatos y las asociaciones empresariales de la comarca de l \u0301Horta Nord, impulsar\u00e1 nuevas l\u00edneas de trabajo que incentivar\u00e1n la vertebraci\u00f3n del territorio y la generaci\u00f3n de sinergias entre los municipios consorciados a trav\u00e9s de la colaboraci\u00f3n en el \u00e1mbito del desarrollo local y el empleo.<br>Las relaciones de cooperaci\u00f3n y de solidaridad intermunicipal en el \u00e1mbito del empleo, son elementos de gran necesidad en el momento actual, pues es necesario el mayor aprovechamiento de los recursos p\u00fablicos, la conexi\u00f3n entre personas emprendedoras, empresas, tejido asociativo y ciudadan\u00eda y el compromiso por parte de todos los agentes del territorio para con la inserci\u00f3n laboral de las personas que tienen mayores dificultades.<br>El fruto de este trabajo lo hemos querido poner en valor y darle la m\u00e1xima visibilidad celebrando el pasado 15 de diciembre la V edici\u00f3n bienal de los Distintivos Pactem Nord a la corresponsabilidad territorial en materia de empleo y premiando a las empresas y entidades comprometidas con el territorio.<br>Con la mirada puesta ya en 2022 comenzamos a marcar una agenda de trabajo repleta de nuevos retos e<br>iniciativas de empleo, formaci\u00f3n y promoci\u00f3n econ\u00f3mica en el territorio.<br>Pactem Nord.<\/p>\n","protected":false},"excerpt":{"rendered":"<p>El Consorcio Pactem Nord ha renovado el Pacto denominado \u201cPacto territorial para la creaci\u00f3n de empleo, Pactem Nord, Valor local, aunando esfuerzos por el empleo y el impulso del territorio\u201d, que ser\u00e1 el que trace el camino de la entidad en los pr\u00f3ximos a\u00f1o. <\/p>\n","protected":false},"author":8,"featured_media":254646,"comment_status":"closed","ping_status":"closed","sticky":false,"template":"","format":"standard","meta":{"_et_pb_use_builder":"off","_et_pb_old_content":"","_et_gb_content_width":"","footnotes":""},"categories":[1146],"tags":[],"wf_post_folders":[268],"class_list":["post-254648","post","type-post","status-publish","format-standard","has-post-thumbnail","hentry","category-empleo"],"_links":{"self":[{"href":"https:\/\/museros.org\/inici\/wp-json\/wp\/v2\/posts\/254648","targetHints":{"allow":["GET"]}}],"collection":[{"href":"https:\/\/museros.org\/inici\/wp-json\/wp\/v2\/posts"}],"about":[{"href":"https:\/\/museros.org\/inici\/wp-json\/wp\/v2\/types\/post"}],"author":[{"embeddable":true,"href":"https:\/\/museros.org\/inici\/wp-json\/wp\/v2\/users\/8"}],"replies":[{"embeddable":true,"href":"https:\/\/museros.org\/inici\/wp-json\/wp\/v2\/comments?post=254648"}],"version-history":[{"count":2,"href":"https:\/\/museros.org\/inici\/wp-json\/wp\/v2\/posts\/254648\/revisions"}],"predecessor-version":[{"id":254827,"href":"https:\/\/museros.org\/inici\/wp-json\/wp\/v2\/posts\/254648\/revisions\/254827"}],"wp:featuredmedia":[{"embeddable":true,"href":"https:\/\/museros.org\/inici\/wp-json\/wp\/v2\/media\/254646"}],"wp:attachment":[{"href":"https:\/\/museros.org\/inici\/wp-json\/wp\/v2\/media?parent=254648"}],"wp:term":[{"taxonomy":"category","embeddable":true,"href":"https:\/\/museros.org\/inici\/wp-json\/wp\/v2\/categories?post=254648"},{"taxonomy":"post_tag","embeddable":true,"href":"https:\/\/museros.org\/inici\/wp-json\/wp\/v2\/tags?post=254648"},{"taxonomy":"wf_post_folders","embeddable":true,"href":"https:\/\/museros.org\/inici\/wp-json\/wp\/v2\/wf_post_folders?post=254648"}],"curies":[{"name":"wp","href":"https:\/\/api.w.org\/{rel}","templated":true}]}}