{"id":254645,"date":"2021-12-18T14:37:05","date_gmt":"2021-12-18T14:37:05","guid":{"rendered":"https:\/\/museros.org\/inici\/?p=254645"},"modified":"2022-03-15T20:38:45","modified_gmt":"2022-03-15T20:38:45","slug":"pacte-territorial-per-a-la-creacio-docupacio","status":"publish","type":"post","link":"https:\/\/museros.org\/inici\/pacte-territorial-per-a-la-creacio-docupacio\/","title":{"rendered":"Pacte territorial per a la creaci\u00f3 d&#8217;ocupaci\u00f3"},"content":{"rendered":"[et_pb_section admin_label=\u00bbsection\u00bb]\n\t\t\t[et_pb_row admin_label=\u00bbrow\u00bb]\n\t\t\t\t[et_pb_column type=\u00bb4_4&#8243;][et_pb_text admin_label=\u00bbText\u00bb]\n<h2 class=\"wp-block-heading\">Conjuminant esfor\u00e7os per l&#8217;ocupaci\u00f3 i l&#8217;impuls del territori.<\/h2>\n\n\n\n<p>El Consorci Pactem Nord ha renovat el Pacte denominat \u201cPacte territorial per a la creaci\u00f3 d&#8217;ocupaci\u00f3, Pactem Nord, Valor local, conjuminant esfor\u00e7os per l&#8217;ocupaci\u00f3 i l&#8217;impuls del territori\u201d.<br>Que ser\u00e0 el que trace el cam\u00ed de l&#8217;entitat en els pr\u00f2xims anys recollint els aprenentatges adquirits i incorporant nous reptes en el territori que permeten abordar la problem\u00e0tica de la desocupaci\u00f3. Aquesta proposta que s&#8217;eleva al territori, des del comprom\u00eds de totes les persones vinculades al pacte territorial d&#8217;ocupaci\u00f3, incorpora un nou element: el valor local.<br>Aquesta renovaci\u00f3 es va materialitzar simb\u00f2licament el passat 5 de novembre a Alboraia amb la signatura dels 23 municipis que conformen la comarca *Horta *Nord, aix\u00ed com els principals sindicats, associacions empresarials i de comer\u00e7, i la Federaci\u00f3 d&#8217;associacions de dones de l \u0301Horta Nord.<br>Finalitzem l&#8217;any 2021 amb l&#8217;entrada d&#8217;Albuixech i Paterna;. Amb aix\u00f2, l&#8217;estrat\u00e8gia comarcal d&#8217;ocupaci\u00f3, assentada en els diferents diagn\u00f2stics territorials realitzats recentment i implementada per tots els ajuntaments, els sindicats i les associacions empresarials de la comarca de l \u0301Horta Nord, impulsar\u00e0 noves l\u00ednies de treball que incentivaran la vertebraci\u00f3 del territori i la generaci\u00f3 de sinergies entre els municipis consorciats a trav\u00e9s de la col\u00b7laboraci\u00f3 en l&#8217;\u00e0mbit del desenvolupament local i l&#8217;ocupaci\u00f3.<br>Les relacions de cooperaci\u00f3 i de solidaritat intermunicipal en l&#8217;\u00e0mbit de l&#8217;ocupaci\u00f3, s\u00f3n elements de gran necessitat en el moment actual, perqu\u00e8 \u00e9s necessari el major aprofitament dels recursos p\u00fablics, la connexi\u00f3 entre persones emprenedores, empreses, teixit associatiu i ciutadania i el comprom\u00eds per part de tots els agents del territori envers la inserci\u00f3 laboral de les persones que tenen majors dificultats.<br>El fruit d&#8217;aquest treball l&#8217;hem volgut posar en valor i donar-li la m\u00e0xima visibilitat celebrant el passat 15 de desembre la V edici\u00f3 biennal dels Distintius Pactem Nord a la corresponsabilitat territorial en mat\u00e8ria d&#8217;ocupaci\u00f3 i premiant a les empreses i entitats compromeses amb el territori.<br>Amb la mirada posada ja en 2022 comencem a marcar una agenda de treball repleta de nous reptes i<br>iniciatives d&#8217;ocupaci\u00f3, formaci\u00f3 i promoci\u00f3 econ\u00f2mica en el territori.<br>Pactem Nord.<\/p>\n[\/et_pb_text][\/et_pb_column]\n\t\t\t[\/et_pb_row]\n\t\t[\/et_pb_section]","protected":false},"excerpt":{"rendered":"<p>El Consorci Pactem Nord ha renovat el Pacte denominat \u201cPacte territorial per a la creaci\u00f3 d&#8217;ocupaci\u00f3, Pactem Nord, Valor local, conjuminant esfor\u00e7os per l&#8217;ocupaci\u00f3 i l&#8217;impuls del territori\u201d.<\/p>\n","protected":false},"author":8,"featured_media":254646,"comment_status":"closed","ping_status":"closed","sticky":false,"template":"","format":"standard","meta":{"_et_pb_use_builder":"on","_et_pb_old_content":"<!-- wp:heading -->\n<h2>Conjuminant esfor\u00e7os per l'ocupaci\u00f3 i l'impuls del territori.<\/h2>\n<!-- \/wp:heading -->\n\n<!-- wp:paragraph -->\n<p>El Consorci Pactem Nord ha renovat el Pacte denominat \u201cPacte territorial per a la creaci\u00f3 d'ocupaci\u00f3, Pactem Nord, Valor local, conjuminant esfor\u00e7os per l'ocupaci\u00f3 i l'impuls del territori\u201d.<br>Que ser\u00e0 el que trace el cam\u00ed de l'entitat en els pr\u00f2xims anys recollint els aprenentatges adquirits i incorporant nous reptes en el territori que permeten abordar la problem\u00e0tica de la desocupaci\u00f3. Aquesta proposta que s'eleva al territori, des del comprom\u00eds de totes les persones vinculades al pacte territorial d'ocupaci\u00f3, incorpora un nou element: el valor local.<br>Aquesta renovaci\u00f3 es va materialitzar simb\u00f2licament el passat 5 de novembre a Alboraia amb la signatura dels 23 municipis que conformen la comarca *Horta *Nord, aix\u00ed com els principals sindicats, associacions empresarials i de comer\u00e7, i la Federaci\u00f3 d'associacions de dones de l \u0301Horta Nord.<br>Finalitzem l'any 2021 amb l'entrada d'Albuixech i Paterna;. Amb aix\u00f2, l'estrat\u00e8gia comarcal d'ocupaci\u00f3, assentada en els diferents diagn\u00f2stics territorials realitzats recentment i implementada per tots els ajuntaments, els sindicats i les associacions empresarials de la comarca de l \u0301Horta Nord, impulsar\u00e0 noves l\u00ednies de treball que incentivaran la vertebraci\u00f3 del territori i la generaci\u00f3 de sinergies entre els municipis consorciats a trav\u00e9s de la col\u00b7laboraci\u00f3 en l'\u00e0mbit del desenvolupament local i l'ocupaci\u00f3.<br>Les relacions de cooperaci\u00f3 i de solidaritat intermunicipal en l'\u00e0mbit de l'ocupaci\u00f3, s\u00f3n elements de gran necessitat en el moment actual, perqu\u00e8 \u00e9s necessari el major aprofitament dels recursos p\u00fablics, la connexi\u00f3 entre persones emprenedores, empreses, teixit associatiu i ciutadania i el comprom\u00eds per part de tots els agents del territori envers la inserci\u00f3 laboral de les persones que tenen majors dificultats.<br>El fruit d'aquest treball l'hem volgut posar en valor i donar-li la m\u00e0xima visibilitat celebrant el passat 15 de desembre la V edici\u00f3 biennal dels Distintius Pactem Nord a la corresponsabilitat territorial en mat\u00e8ria d'ocupaci\u00f3 i premiant a les empreses i entitats compromeses amb el territori.<br>Amb la mirada posada ja en 2022 comencem a marcar una agenda de treball repleta de nous reptes i<br>iniciatives d'ocupaci\u00f3, formaci\u00f3 i promoci\u00f3 econ\u00f2mica en el territori.<br>Pactem Nord.<\/p>\n<!-- \/wp:paragraph -->","_et_gb_content_width":"","footnotes":""},"categories":[1116],"tags":[],"wf_post_folders":[268],"class_list":["post-254645","post","type-post","status-publish","format-standard","has-post-thumbnail","hentry","category-ocupacio"],"_links":{"self":[{"href":"https:\/\/museros.org\/inici\/wp-json\/wp\/v2\/posts\/254645","targetHints":{"allow":["GET"]}}],"collection":[{"href":"https:\/\/museros.org\/inici\/wp-json\/wp\/v2\/posts"}],"about":[{"href":"https:\/\/museros.org\/inici\/wp-json\/wp\/v2\/types\/post"}],"author":[{"embeddable":true,"href":"https:\/\/museros.org\/inici\/wp-json\/wp\/v2\/users\/8"}],"replies":[{"embeddable":true,"href":"https:\/\/museros.org\/inici\/wp-json\/wp\/v2\/comments?post=254645"}],"version-history":[{"count":2,"href":"https:\/\/museros.org\/inici\/wp-json\/wp\/v2\/posts\/254645\/revisions"}],"predecessor-version":[{"id":254737,"href":"https:\/\/museros.org\/inici\/wp-json\/wp\/v2\/posts\/254645\/revisions\/254737"}],"wp:featuredmedia":[{"embeddable":true,"href":"https:\/\/museros.org\/inici\/wp-json\/wp\/v2\/media\/254646"}],"wp:attachment":[{"href":"https:\/\/museros.org\/inici\/wp-json\/wp\/v2\/media?parent=254645"}],"wp:term":[{"taxonomy":"category","embeddable":true,"href":"https:\/\/museros.org\/inici\/wp-json\/wp\/v2\/categories?post=254645"},{"taxonomy":"post_tag","embeddable":true,"href":"https:\/\/museros.org\/inici\/wp-json\/wp\/v2\/tags?post=254645"},{"taxonomy":"wf_post_folders","embeddable":true,"href":"https:\/\/museros.org\/inici\/wp-json\/wp\/v2\/wf_post_folders?post=254645"}],"curies":[{"name":"wp","href":"https:\/\/api.w.org\/{rel}","templated":true}]}}