{"id":254643,"date":"2022-02-08T13:56:42","date_gmt":"2022-02-08T13:56:42","guid":{"rendered":"https:\/\/museros.org\/inici\/?p=254643"},"modified":"2022-03-16T07:15:52","modified_gmt":"2022-03-16T07:15:52","slug":"emprendimiento-en-lhorta-nord","status":"publish","type":"post","link":"https:\/\/museros.org\/inici\/es\/emprendimiento-en-lhorta-nord\/","title":{"rendered":"EMPRENDIMIENTO EN L&#8217;HORTA NORD"},"content":{"rendered":"\n<h2 class=\"wp-block-heading\"><strong>La entidad impulsa entre empresas y emprendedores\/as cadenas de valor local y sinergias interempresariales, como elemento generador de empleo.<\/strong><\/h2>\n\n\n\n<p>Pactem Nord celebrar\u00e1 la \u201cSemana del Emprendimiento y la Responsabilidad social en l&#8217;Horta Nord\u201d los pr\u00f3ximos d\u00edas 8, 9 y 10 de marzo en diferentes puntos de la comarca, con el objetivo de poner en valor el emprendimiento, la econom\u00eda social, la innovaci\u00f3n y la responsabilidad social empresarial en el territorio.<br><\/p>\n\n\n\n<p>Siguiendo el modelo de trabajo en red desarrollado por la entidad, que permite trabajar activamente en los diferentes puntos de atenci\u00f3n municipales, las jornadas se desarrollan en Alboraya, Pu\u00e7ol y Paterna, y congregar\u00e1 a empresas, emprendedores\/as, t\u00e9cnicos\/as de la promoci\u00f3n econ\u00f3mica y de desarrollo local, as\u00ed como representantes municipales.<br><\/p>\n\n\n\n<p>La primera jornada, el d\u00eda 8, estar\u00e1 centrada en la Responsabilidad Social Empresarial, y ser\u00e1 inaugurada por el alcalde de Alboraya, Miguel Chavarr\u00eda, y el DG de Econom\u00eda sostenible, Jos\u00e9 Vicente Soler. All\u00ed se dispondr\u00e1 de informaci\u00f3n relativa a las nuevas ayudas a empresas para fomentar la econom\u00eda sostenible, sobre la gesti\u00f3n responsable de los recursos humanos y veremos casos de \u00e9xito empresarial en esta materia. Se cerrar\u00e1 la jornada con la entrega de los Distintivos Violeta Pactem Nord a diferentes empresas de la comarca por su compromiso por la igualdad en el \u00e1mbito laboral.<br><\/p>\n\n\n\n<p>La jornada del d\u00eda 9 se centrar\u00e1 en las necesidades y recursos para poder emprender una idea de negocio, y ser\u00e1 inaugurada por la Alcaldesa de Pu\u00e7ol, Paz Carceller, y el DG del Instituto Valenciano de Finanzas, Manuel Illueca. Adem\u00e1s, diferentes emprendedores\/as de la comarca expondr\u00e1n su caso de \u00e9xito.<br><\/p>\n\n\n\n<p>La semana finalizar\u00e1 el d\u00eda 10, que clausurar\u00e1 el alcalde de Paterna, Juan Antonio Sagredo, y la DG del di\u00e1logo social, Zulima P\u00e9rez, y donde se presentar\u00e1 el Plan de recuperaci\u00f3n y las ayudas a empresas de los fondos Next Generation, as\u00ed como las novedades y aplicaciones pr\u00e1cticas de la Reforma laboral.<\/p>\n\n\n\n<p>El acompa\u00f1amiento a las personas emprendedoras desde la primera fase de maduraci\u00f3n de la idea de negocio es primordial, por ello, desde Pactem Nord se organizan sesiones formativas grupales sobre el plan de empresa y las ayudas para emprender. Este mes, se ha llevado a cabo el taller en Moncada.<\/p>\n","protected":false},"excerpt":{"rendered":"<p>Pactem Nord celebrar\u00e1 la \u201cSemana del Emprendimiento y la Responsabilidad social en l&#8217;Horta Nord\u201d con el objetivo de poner en valor el emprendimiento, la econom\u00eda social, la innovaci\u00f3n y la responsabilidad social empresarial en el territorio.<\/p>\n","protected":false},"author":8,"featured_media":254641,"comment_status":"closed","ping_status":"closed","sticky":false,"template":"","format":"standard","meta":{"_et_pb_use_builder":"off","_et_pb_old_content":"","_et_gb_content_width":"","footnotes":""},"categories":[1146],"tags":[],"wf_post_folders":[1235,268],"class_list":["post-254643","post","type-post","status-publish","format-standard","has-post-thumbnail","hentry","category-empleo"],"_links":{"self":[{"href":"https:\/\/museros.org\/inici\/wp-json\/wp\/v2\/posts\/254643","targetHints":{"allow":["GET"]}}],"collection":[{"href":"https:\/\/museros.org\/inici\/wp-json\/wp\/v2\/posts"}],"about":[{"href":"https:\/\/museros.org\/inici\/wp-json\/wp\/v2\/types\/post"}],"author":[{"embeddable":true,"href":"https:\/\/museros.org\/inici\/wp-json\/wp\/v2\/users\/8"}],"replies":[{"embeddable":true,"href":"https:\/\/museros.org\/inici\/wp-json\/wp\/v2\/comments?post=254643"}],"version-history":[{"count":4,"href":"https:\/\/museros.org\/inici\/wp-json\/wp\/v2\/posts\/254643\/revisions"}],"predecessor-version":[{"id":254826,"href":"https:\/\/museros.org\/inici\/wp-json\/wp\/v2\/posts\/254643\/revisions\/254826"}],"wp:featuredmedia":[{"embeddable":true,"href":"https:\/\/museros.org\/inici\/wp-json\/wp\/v2\/media\/254641"}],"wp:attachment":[{"href":"https:\/\/museros.org\/inici\/wp-json\/wp\/v2\/media?parent=254643"}],"wp:term":[{"taxonomy":"category","embeddable":true,"href":"https:\/\/museros.org\/inici\/wp-json\/wp\/v2\/categories?post=254643"},{"taxonomy":"post_tag","embeddable":true,"href":"https:\/\/museros.org\/inici\/wp-json\/wp\/v2\/tags?post=254643"},{"taxonomy":"wf_post_folders","embeddable":true,"href":"https:\/\/museros.org\/inici\/wp-json\/wp\/v2\/wf_post_folders?post=254643"}],"curies":[{"name":"wp","href":"https:\/\/api.w.org\/{rel}","templated":true}]}}