{"id":254640,"date":"2022-02-08T13:54:36","date_gmt":"2022-02-08T13:54:36","guid":{"rendered":"https:\/\/museros.org\/inici\/?p=254640"},"modified":"2022-03-16T07:13:55","modified_gmt":"2022-03-16T07:13:55","slug":"emprenedoria-en-lhorta-nord","status":"publish","type":"post","link":"https:\/\/museros.org\/inici\/emprenedoria-en-lhorta-nord\/","title":{"rendered":"EMPRENEDORIA EN L&#8217;HORTA NORD"},"content":{"rendered":"\n<h2 class=\"wp-block-heading\"><strong>L&#8217;entitat impulsa entre empreses i emprenedors\/as cadenes de valor local i sinergies interempresarials, com a element generador d&#8217;ocupaci\u00f3.<\/strong><\/h2>\n\n\n\n<p>Pactem Nord celebrar\u00e0 la \u201cSetmana de l&#8217;Emprenedoria i la Responsabilitat social en l &#8216;Horta Nord\u201d els pr\u00f2xims dies 8, 9 i 10 de mar\u00e7 en diferents punts de la comarca, amb l&#8217;objectiu de posar en valor l&#8217;emprenedoria, l&#8217;economia social, la innovaci\u00f3 i la responsabilitat social empresarial en el territori.<\/p>\n\n\n\n<p>Seguint el model de treball en xarxa desenvolupat per l&#8217;entitat, que permet treballar activament en els diferents punts d&#8217;atenci\u00f3 municipals, les jornades es desenvolupen a Alboraia, Pu\u00e7ol i Paterna, i congregar\u00e0 a empreses, emprenedors\/as, t\u00e8cnics\/as de la promoci\u00f3 econ\u00f2mica i de desenvolupament local, aix\u00ed com representants municipals.<\/p>\n\n\n\n<p>La primera jornada, el dia 8, estar\u00e0 centrada en la Responsabilitat Social Empresarial, i ser\u00e0 inaugurada per l&#8217;alcalde d&#8217;Alboraia, Miguel Chavarr\u00eda, i el DG d&#8217;Economia sostenible, Jos\u00e9 Vicente Soler. All\u00ed es disposar\u00e0 d&#8217;informaci\u00f3 relativa a les noves ajudes a empreses per a fomentar l&#8217;economia sostenible, sobre la gesti\u00f3 responsable dels recursos humans i veurem casos d&#8217;\u00e8xit empresarial en aquesta mat\u00e8ria. Es tancar\u00e0 la jornada amb el lliurament dels Distintius Violeta Pactem Nord a diferents empreses de la comarca pel seu comprom\u00eds per la igualtat en l&#8217;\u00e0mbit laboral.<\/p>\n\n\n\n<p>La jornada del dia 9 se centrar\u00e0 en les necessitats i recursos per a poder emprendre una idea de negoci, i ser\u00e0 inaugurada per l&#8217;Alcaldessa de Pu\u00e7ol, Paz Carceller, i el DG de l&#8217;Institut Valenci\u00e0 de Finances, Manuel Illueca. A m\u00e9s, diferents emprenedors\/as de la comarca exposaran el seu cas d&#8217;\u00e8xit.<\/p>\n\n\n\n<p>La setmana finalitzar\u00e0 el dia 10, que clausurar\u00e0 l&#8217;alcalde de Paterna, Juan Antonio Sagredo, i la DG del di\u00e0leg social, Zulima P\u00e9rez, i on es presentar\u00e0 el Pla de recuperaci\u00f3 i les ajudes a empreses dels fons Next Generation, aix\u00ed com les novetats i aplicacions pr\u00e0ctiques de la Reforma laboral.<\/p>\n\n\n\n<p>L&#8217;acompanyament a les persones emprenedores des de la primera fase de maduraci\u00f3 de la idea de negoci \u00e9s primordial, per aix\u00f2, des de Pactem Nord s&#8217;organitzen sessions formatives grupals sobre el pla d&#8217;empresa i les ajudes per a emprendre. Aquest mes, s&#8217;ha dut a terme el taller a Moncada.<\/p>\n","protected":false},"excerpt":{"rendered":"<p>Pactem Nord celebrar\u00e0 la \u201cSetmana de l&#8217;Emprenedoria i la Responsabilitat social en l&#8217;Horta Nord\u201d amb l&#8217;objectiu de posar en valor l&#8217;emprenedoria, l&#8217;economia social, la innovaci\u00f3 i la responsabilitat social empresarial en el territori.<\/p>\n","protected":false},"author":8,"featured_media":254641,"comment_status":"closed","ping_status":"closed","sticky":false,"template":"","format":"standard","meta":{"_et_pb_use_builder":"off","_et_pb_old_content":"","_et_gb_content_width":"","footnotes":""},"categories":[1116],"tags":[],"wf_post_folders":[268],"class_list":["post-254640","post","type-post","status-publish","format-standard","has-post-thumbnail","hentry","category-ocupacio"],"_links":{"self":[{"href":"https:\/\/museros.org\/inici\/wp-json\/wp\/v2\/posts\/254640","targetHints":{"allow":["GET"]}}],"collection":[{"href":"https:\/\/museros.org\/inici\/wp-json\/wp\/v2\/posts"}],"about":[{"href":"https:\/\/museros.org\/inici\/wp-json\/wp\/v2\/types\/post"}],"author":[{"embeddable":true,"href":"https:\/\/museros.org\/inici\/wp-json\/wp\/v2\/users\/8"}],"replies":[{"embeddable":true,"href":"https:\/\/museros.org\/inici\/wp-json\/wp\/v2\/comments?post=254640"}],"version-history":[{"count":3,"href":"https:\/\/museros.org\/inici\/wp-json\/wp\/v2\/posts\/254640\/revisions"}],"predecessor-version":[{"id":254824,"href":"https:\/\/museros.org\/inici\/wp-json\/wp\/v2\/posts\/254640\/revisions\/254824"}],"wp:featuredmedia":[{"embeddable":true,"href":"https:\/\/museros.org\/inici\/wp-json\/wp\/v2\/media\/254641"}],"wp:attachment":[{"href":"https:\/\/museros.org\/inici\/wp-json\/wp\/v2\/media?parent=254640"}],"wp:term":[{"taxonomy":"category","embeddable":true,"href":"https:\/\/museros.org\/inici\/wp-json\/wp\/v2\/categories?post=254640"},{"taxonomy":"post_tag","embeddable":true,"href":"https:\/\/museros.org\/inici\/wp-json\/wp\/v2\/tags?post=254640"},{"taxonomy":"wf_post_folders","embeddable":true,"href":"https:\/\/museros.org\/inici\/wp-json\/wp\/v2\/wf_post_folders?post=254640"}],"curies":[{"name":"wp","href":"https:\/\/api.w.org\/{rel}","templated":true}]}}