{"id":254638,"date":"2021-12-16T13:06:56","date_gmt":"2021-12-16T13:06:56","guid":{"rendered":"https:\/\/museros.org\/inici\/?p=254638"},"modified":"2022-03-16T07:18:25","modified_gmt":"2022-03-16T07:18:25","slug":"v-edicion-bienal","status":"publish","type":"post","link":"https:\/\/museros.org\/inici\/es\/v-edicion-bienal\/","title":{"rendered":"V Edici\u00f3n bienal"},"content":{"rendered":"\n<h2 class=\"wp-block-heading\"><strong>Distintivos Pactem Nord a la Corresponsabilidad territorial en materia de empleo<\/strong><\/h2>\n\n\n\n<p>El municipio del Puig de Santa Maria ha acogido nuevamente la V Edici\u00f3n bienal de estos galardones que reconocen la implicaci\u00f3n de empresas y entidades en el desarrollo de acciones de responsabilidad social y de generaci\u00f3n de empleo de calidad en nuestra comarca. Con la presencia de representantes del \u00e1mbito pol\u00edtico local y auton\u00f3mico y del mundo empresarial de l\u2019Horta Nord, el acto dio comienzo con la bienvenida de D\u00f1a. Luisa Salvador Tom\u00e1s, alcaldesa del Puig de Santa Maria, quien en su intervenci\u00f3n dio la bienvenida a las personas asistentes al municipio y reconoci\u00f3 la labor de Pactem Nord y los municipios de l\u2019Horta Nord en el reconocimiento de buenas pr\u00e1cticas en responsabilidad social.<br>A continuaci\u00f3n, se dio paso a la entrega de galardones de las seis categor\u00edas que se han premiado en esta V edici\u00f3n. En primer lugar, en la categor\u00eda de \u201cBuenas pr\u00e1cticas en inserci\u00f3n laboral\u201d, se galardon\u00f3 a la empresa GESER ELECTRIC S.L., por su labor en la inserci\u00f3n laboral de personas desempleadas mayores de 50 a\u00f1os y las buenas pr\u00e1cticas de inserci\u00f3n con personas en situaci\u00f3n de exclusi\u00f3n social de la comarca de L \u0301Horta Nord. El galard\u00f3n fue entregado por D. Santiago Salvador, presidente de ASIVALCO. En esta misma categor\u00eda recibi\u00f3 un acc\u00e9sit la empresa MU\u00d1OZ BOSCH S.L., en reconocimiento a las buenas pr\u00e1cticas de selecci\u00f3n e integraci\u00f3n laboral enmarcadas en su estrategia y compromiso social, entregado por D\u00f1a. Cristina Civera, alcaldesa de Museros.<br>En cuanto al distintivo a la \u201cGesti\u00f3n responsable de personas\u201d, la empresa premiada ha sido CARBUROS MET\u00c1LICOS S.A. reconociendo su compromiso en el fomento de medidas de estabilidad laboral y su pol\u00edtica de recursos humanos. Entreg\u00f3 este galard\u00f3n el alcalde de Massalfassar, D. Higinio Yuste. En esta categor\u00eda el tribunal otorg\u00f3 dos acc\u00e9sits, a la empresa TRANSPORTES MART\u00cdN S.L., entregado por D. Francisco L\u00f3pez, alcalde de Rafelbunyol, por la estabilidad y el fomento de la formaci\u00f3n de su plantilla, y a BAUHAUS, especialmente por sus colaboraciones con centros de formaci\u00f3n de la comarca, reconocimiento entregado por D\u00f1a. Elena Camarero, vicepresidenta de Pactem Nord y concejala del ayuntamiento de Pu\u00e7ol.<br>La siguiente categor\u00eda galardonada, \u201cEmpresa igualitaria en clave de g\u00e9nero\u201d, cuya entrega estuvo a cargo del alcalde de Massamagrell, D. Paco G\u00f3mez, recay\u00f3 en GESMED, empresa que ha desarrollado m\u00faltiples acciones para dinamizar la igualdad entre mujeres y hombres.<br>Por su parte CEMEF S.L., por la creaci\u00f3n de iniciativas estrat\u00e9gicas en materia de econom\u00eda social y cooperativismo, recibi\u00f3 el distintivo en la categor\u00eda de \u201cEmpresa o entidad comprometida con el territorio\u201d. Este galard\u00f3n a CEMEF S.L. fue entregado por D\u00f1a. Roc\u00edo Briones, Directora General de LABORA Servicio Valenciano de Empleo y Formaci\u00f3n. Adem\u00e1s, en esta categor\u00eda recibi\u00f3 un acc\u00e9sit, de manos de D. Joan Orts, vicepresidente de Pactem Nord y concejal de Meliana, la empresa COSMEWAX, en reconocimiento a su compromiso social con el territorio, destacando la colaboraci\u00f3n con los bancos de alimentos y entidades p\u00fablicas.<br>En el apartado de \u201cEmprendimiento responsable\u201d, el distintivo ha sido para RAQUEL HERNANZ, de VENTASTIK SOULS, por ofrecer a sus clientes furgonetas camper hechas a mano fomentando la econom\u00eda circular y las opciones m\u00e1s ecol\u00f3gicas, galard\u00f3n entregado por D\u00f1a. Luisa Salvador, alcaldesa del Puig de Santa Maria. Como acc\u00e9sits se ha destacado a JOS\u00c9 LUIS ALCA\u00d1IZ, NUTRICI\u00d3N 3G, por su especializaci\u00f3n en la nutrici\u00f3n de las personas que se est\u00e1n recuperando de determinadas enfermedades, entregado por D. Agust\u00edn Aliaga, alcalde de Rocafort, a MAYTE GO\u00d1I, por su integraci\u00f3n voluntaria de acciones de mejora social, econ\u00f3mica y medioambiental en sus actividades, entregado por D\u00f1a. Mar\u00eda Isabel Verdeguer, El acto finaliz\u00f3 con la intervenci\u00f3n del presidente de Pactem Nord y alcalde del municipio de Alboraya, Miguel Chavarr\u00eda, que indic\u00f3 que en esta edici\u00f3n se pone en valor el trabajo que las empresas locales han venido realizando los dos \u00faltimos a\u00f1os en materia de buenas pr\u00e1cticas de empleo e inserci\u00f3n laboral, pero adem\u00e1s, el esfuerzo a\u00f1adido para superar la pandemia con todas las acciones que se han sucedido entre nuestra ciudadan\u00eda y entre nuestro tejido empresarial para hacer frente a la situaci\u00f3n sanitaria. Igualmente reconoci\u00f3 el trabajo que en el \u00e1mbito del empleo vienen realizando las empresas locales y personas emprendedoras para ofrecer oportunidades de empleo a las personas con las que trabajamos d\u00eda a d\u00eda. Apunt\u00f3 que en el a\u00f1o que se cierra, 230 personas han encontrado un puesto de trabajo con el apoyo de la red de Pactem Nord a trav\u00e9s de la gesti\u00f3n de cerca de 400 ofertas de empleo de las empresas del territorio, agradeciendo la colaboraci\u00f3n del programa Incorpora de la Fundaci\u00f3n la Caixa y de LABORA.<br>Por \u00faltimo tuvo unas palabras de reconocimiento a todas las personas que trabajan en el Centro Ocupacional Pas a Pas. Un centro que desde principios de la d\u00e9cada de los a\u00f1os 80 viene realizando una gran labor mediante su servicio especializado en la atenci\u00f3n a personas adultas con discapacidad ps\u00edquica, tambi\u00e9n reconoci\u00f3 la colaboraci\u00f3n que la empresa Kripxe realiza con este centro animando a otras empresas de la comarca a establecer lazos de colaboraci\u00f3n con una iniciativa encomiable en materia de integraci\u00f3n social de las personas con discapacidad ps\u00edquica.<\/p>\n","protected":false},"excerpt":{"rendered":"<p>Distintivos Pactem Nord a la Corresponsabilidad territorial en materia de empleo El municipio del Puig de Santa Maria ha acogido nuevamente la V Edici\u00f3n bienal de estos galardones que reconocen la implicaci\u00f3n de empresas y entidades en el desarrollo de acciones de responsabilidad social y de generaci\u00f3n de empleo de calidad en nuestra comarca. Con [&hellip;]<\/p>\n","protected":false},"author":8,"featured_media":254634,"comment_status":"closed","ping_status":"closed","sticky":false,"template":"","format":"standard","meta":{"_et_pb_use_builder":"off","_et_pb_old_content":"","_et_gb_content_width":"","footnotes":""},"categories":[1146],"tags":[],"wf_post_folders":[268],"class_list":["post-254638","post","type-post","status-publish","format-standard","has-post-thumbnail","hentry","category-empleo"],"_links":{"self":[{"href":"https:\/\/museros.org\/inici\/wp-json\/wp\/v2\/posts\/254638","targetHints":{"allow":["GET"]}}],"collection":[{"href":"https:\/\/museros.org\/inici\/wp-json\/wp\/v2\/posts"}],"about":[{"href":"https:\/\/museros.org\/inici\/wp-json\/wp\/v2\/types\/post"}],"author":[{"embeddable":true,"href":"https:\/\/museros.org\/inici\/wp-json\/wp\/v2\/users\/8"}],"replies":[{"embeddable":true,"href":"https:\/\/museros.org\/inici\/wp-json\/wp\/v2\/comments?post=254638"}],"version-history":[{"count":3,"href":"https:\/\/museros.org\/inici\/wp-json\/wp\/v2\/posts\/254638\/revisions"}],"predecessor-version":[{"id":254829,"href":"https:\/\/museros.org\/inici\/wp-json\/wp\/v2\/posts\/254638\/revisions\/254829"}],"wp:featuredmedia":[{"embeddable":true,"href":"https:\/\/museros.org\/inici\/wp-json\/wp\/v2\/media\/254634"}],"wp:attachment":[{"href":"https:\/\/museros.org\/inici\/wp-json\/wp\/v2\/media?parent=254638"}],"wp:term":[{"taxonomy":"category","embeddable":true,"href":"https:\/\/museros.org\/inici\/wp-json\/wp\/v2\/categories?post=254638"},{"taxonomy":"post_tag","embeddable":true,"href":"https:\/\/museros.org\/inici\/wp-json\/wp\/v2\/tags?post=254638"},{"taxonomy":"wf_post_folders","embeddable":true,"href":"https:\/\/museros.org\/inici\/wp-json\/wp\/v2\/wf_post_folders?post=254638"}],"curies":[{"name":"wp","href":"https:\/\/api.w.org\/{rel}","templated":true}]}}