{"id":254633,"date":"2021-12-16T13:02:48","date_gmt":"2021-12-16T13:02:48","guid":{"rendered":"https:\/\/museros.org\/inici\/?p=254633"},"modified":"2022-03-16T07:20:37","modified_gmt":"2022-03-16T07:20:37","slug":"v-edicio-biennal-dels-distintius-pactem-nord-a-la-corresponsabilitat-territorial-en-materia-docupacio","status":"publish","type":"post","link":"https:\/\/museros.org\/inici\/v-edicio-biennal-dels-distintius-pactem-nord-a-la-corresponsabilitat-territorial-en-materia-docupacio\/","title":{"rendered":"V Edici\u00f3 biennal"},"content":{"rendered":"\n<h2 class=\"wp-block-heading\"><strong>Distintius Pactem Nord a la Corresponsabilitat territorial en mat\u00e8ria d&#8217;ocupaci\u00f3<\/strong><\/h2>\n\n\n\n<p>El municipi del Puig de Santa Maria ha acollit novament la V Edici\u00f3 biennal d&#8217;aquests guardons que reconeixen la implicaci\u00f3 d&#8217;empreses i entitats en el desenvolupament d&#8217;accions de responsabilitat social i de generaci\u00f3 d&#8217;ocupaci\u00f3 de qualitat a la nostra comarca. Amb la pres\u00e8ncia de representants de l&#8217;\u00e0mbit pol\u00edtic local i auton\u00f2mic i del m\u00f3n empresarial de l&#8217;Horta Nord, l&#8217;acte va donar principi amb la benvinguda de Sra. Luisa Salvador Tom\u00e1s, alcaldessa del Puig de Santa Maria, qui en la seua intervenci\u00f3 va donar la benvinguda a les persones assistents al municipi i va recon\u00e9ixer la labor de Pactem Nord i els municipis de l&#8217;Horta Nord en el reconeixement de bones pr\u00e0ctiques en responsabilitat social.<br>A continuaci\u00f3, es va donar pas al lliurament de guardons de les sis categories que s&#8217;han premiat en aquesta V edici\u00f3. En primer lloc, en la categoria de \u201cBones pr\u00e0ctiques en inserci\u00f3 laboral\u201d, es va guardonar a l&#8217;empresa GESER ELECTRIC S.L., per la seua labor en la inserci\u00f3 laboral de persones desocupades majors de 50 anys i les bones pr\u00e0ctiques d&#8217;inserci\u00f3 amb persones en situaci\u00f3 d&#8217;exclusi\u00f3 social de la comarca de L \u0301Horta Nord. El guard\u00f3 va ser entregat per Sr. Santiago Salvador, president de ASIVALCO. En aquesta mateixa categoria va rebre un acc\u00e8ssit l&#8217;empresa MU\u00d1OZ BOSCH S.L., en reconeixement a les bones pr\u00e0ctiques de selecci\u00f3 i integraci\u00f3 laboral emmarcades en la seua estrat\u00e8gia i comprom\u00eds social, entregat per Sra. Cristina Civera, alcaldessa de Museros.<br>Quant al distintiu a la \u201cGesti\u00f3 responsable de persones\u201d, l&#8217;empresa premiada ha sigut CARBURS MET\u00c0L\u00b7LICS S.A. reconeixent el seu comprom\u00eds en el foment de mesures d&#8217;estabilitat laboral i la seua pol\u00edtica de recursos humans. Va entregar aquest guard\u00f3 l&#8217;alcalde de Massalfassar, D. Higinio Yuste. En aquesta categoria el tribunal va atorgar dos acc\u00e8ssits, a l&#8217;empresa TRANSPORTS MART\u00cdN S.L., entregat per Sr. Francisco L\u00f3pez, alcalde de Rafelbunyol, per l&#8217;estabilitat i el foment de la formaci\u00f3 de la seua plantilla, i a BAUHAUS, especialment per les seues col\u00b7laboracions amb centres de formaci\u00f3 de la comarca, reconeixement entregat per Sra. Elena Camarero, vicepresidenta de Pactem Nord i regidora de l&#8217;ajuntament de Pu\u00e7ol.<br>La seg\u00fcent categoria guardonada, \u201cEmpresa igualit\u00e0ria en clau de g\u00e8nere\u201d, el lliurament del qual va estar a c\u00e0rrec de l&#8217;alcalde de Massamagrell, Sr. Paco G\u00f3mez, va recaure en GESMED, empresa que ha desenvolupat m\u00faltiples accions per a dinamitzar la igualtat entre dones i homes.<br>Per la seua part CEMEF S.L., per la creaci\u00f3 d&#8217;iniciatives estrat\u00e8giques en mat\u00e8ria d&#8217;economia social i cooperativisme, va rebre el distintiu en la categoria de \u201cEmpresa o entitat compromesa amb el territori\u201d. Aquest guard\u00f3 a CEMEF S.L. va ser entregat per Sra. Roc\u00edo Briones, Directora General de LABORA Servei Valenci\u00e0 d&#8217;Ocupaci\u00f3 i Formaci\u00f3. A m\u00e9s, en aquesta categoria va rebre un acc\u00e8ssit, de mans de Sr. Joan Orts, vicepresident de Pactem Nord i regidor de Meliana, l&#8217;empresa COSMEWAX, en reconeixement al seu comprom\u00eds social amb el territori, destacant la col\u00b7laboraci\u00f3 amb els bancs d&#8217;aliments i entitats p\u00fabliques.<br>En l&#8217;apartat de \u201cEmprenedoria responsable\u201d, el distintiu ha sigut per a RAQUEL HERNANZ, de VENTASTIK SOULS, per oferir als seus clients furgonetes camper fetes a m\u00e0 fomentant l&#8217;economia circular i les opcions m\u00e9s ecol\u00f2giques, guard\u00f3 entregat per Sra. Luisa Salvador, alcaldessa del Puig de Santa Maria. Com a acc\u00e8ssits s&#8217;ha destacat a JOS\u00c9 LUIS ALCANY\u00cdS, NUTRICI\u00d3 3G, per la seua especialitzaci\u00f3 en la nutrici\u00f3 de les persones que s&#8217;estan recuperant de determinades malalties, entregat per Sr. Agust\u00edn Aliaga, alcalde de Rocafort, a MAYTE GO\u00d1I, per la seua integraci\u00f3 volunt\u00e0ria d&#8217;accions de millora social, econ\u00f2mica i mediambiental en les seues activitats, entregat per Sra. Mar\u00eda Isabel Verdeguer, Tinenta alcalde de Moncada i a CHUFAMIX S.L. per crear el primer utensili del mercat per a elaborar llets vegetals de manera casolana, r\u00e0pida i senzilla fomentant un estil de vida responsable i sostenible, reconeixement entregat per Sra. Pilar Tarrag\u00f3n, d&#8217;UGT-PV.<br>Finalment, l&#8217;esment especial a l&#8217;empresa integradora s&#8217;ha concedit al CENTRE OCUPACIONAL PAS A PAS, per la seua contribuci\u00f3 a la normalitzaci\u00f3 a trav\u00e9s de l&#8217;ocupaci\u00f3, la millora de la qualitat de vida i la inclusi\u00f3 social de persones amb diversitat funcional, al costat de KRIPXE, pel seu suport a aquest centre ocupacional en el foment de l&#8217;ocupabilitat de les persones amb diversitat funcional. Aquests guardons van ser entregats per Sra. Roc\u00edo Briones, Directora General de Labora i Sr. Miguel Chavarr\u00eda, President de Pactem Nord, respectivament.<br>L&#8217;acte va finalitzar amb la intervenci\u00f3 del president de Pactem Nord i alcalde del municipi d&#8217;Alboraia, Miguel Chavarr\u00eda, que va indicar que en aquesta edici\u00f3 es posa en valor el treball que les empreses locals han realitzat els dos \u00faltims anys en mat\u00e8ria de bones pr\u00e0ctiques d&#8217;ocupaci\u00f3 i inserci\u00f3 laboral, per\u00f2 a m\u00e9s, l&#8217;esfor\u00e7 afegit per a superar la pand\u00e8mia amb totes les accions que s&#8217;han succe\u00eft entre la nostra ciutadania i entre el nostre teixit empresarial per a fer front a la situaci\u00f3 sanit\u00e0ria. Igualment va recon\u00e9ixer el treball que en l&#8217;\u00e0mbit de l&#8217;ocupaci\u00f3 realitzen les empreses locals i persones emprenedores per a oferir oportunitats d&#8217;ocupaci\u00f3 a les persones amb les quals treballem dia a dia. Va apuntar que l&#8217;any que es tanca, 230 persones han trobat un lloc de treball amb el suport de la xarxa de Pactem Nord a trav\u00e9s de la gesti\u00f3 de prop de 400 ofertes d&#8217;\u00fas de les empreses del territori, agraint la col\u00b7laboraci\u00f3 del programa Incorpora de la Fundaci\u00f3 la Caixa i de LABORA.<br>Finalment va tindre unes paraules de reconeixement a totes les persones que treballen en el Centre Ocupacional Pas a Pas. Un centre que des de principis de la d\u00e8cada dels anys 80 realitza una gran labor mitjan\u00e7ant el seu servei especialitzat en l&#8217;atenci\u00f3 a persones adultes amb discapacitat ps\u00edquica, tamb\u00e9 va recon\u00e9ixer la co\u00b7laboraci\u00f3 que l&#8217;empresa Kripxe realitza amb aquest centre animant a altres empreses de la comarca a establir lla\u00e7os de col\u00b7laboraci\u00f3 amb una iniciativa encomiable en mat\u00e8ria d&#8217;integraci\u00f3 social de les persones amb discapacitat ps\u00edquica.<\/p>\n","protected":false},"excerpt":{"rendered":"<p>El municipi del Puig de Santa Maria ha acollit novament la V Edici\u00f3 biennal d&#8217;aquests guardons que reconeixen la implicaci\u00f3 d&#8217;empreses i entitats en el desenvolupament d&#8217;accions de responsabilitat social i de generaci\u00f3 d&#8217;ocupaci\u00f3 de qualitat a la nostra comarca.<\/p>\n","protected":false},"author":8,"featured_media":254634,"comment_status":"closed","ping_status":"closed","sticky":false,"template":"","format":"standard","meta":{"_et_pb_use_builder":"off","_et_pb_old_content":"","_et_gb_content_width":"","footnotes":""},"categories":[1116],"tags":[],"wf_post_folders":[268],"class_list":["post-254633","post","type-post","status-publish","format-standard","has-post-thumbnail","hentry","category-ocupacio"],"_links":{"self":[{"href":"https:\/\/museros.org\/inici\/wp-json\/wp\/v2\/posts\/254633","targetHints":{"allow":["GET"]}}],"collection":[{"href":"https:\/\/museros.org\/inici\/wp-json\/wp\/v2\/posts"}],"about":[{"href":"https:\/\/museros.org\/inici\/wp-json\/wp\/v2\/types\/post"}],"author":[{"embeddable":true,"href":"https:\/\/museros.org\/inici\/wp-json\/wp\/v2\/users\/8"}],"replies":[{"embeddable":true,"href":"https:\/\/museros.org\/inici\/wp-json\/wp\/v2\/comments?post=254633"}],"version-history":[{"count":5,"href":"https:\/\/museros.org\/inici\/wp-json\/wp\/v2\/posts\/254633\/revisions"}],"predecessor-version":[{"id":254833,"href":"https:\/\/museros.org\/inici\/wp-json\/wp\/v2\/posts\/254633\/revisions\/254833"}],"wp:featuredmedia":[{"embeddable":true,"href":"https:\/\/museros.org\/inici\/wp-json\/wp\/v2\/media\/254634"}],"wp:attachment":[{"href":"https:\/\/museros.org\/inici\/wp-json\/wp\/v2\/media?parent=254633"}],"wp:term":[{"taxonomy":"category","embeddable":true,"href":"https:\/\/museros.org\/inici\/wp-json\/wp\/v2\/categories?post=254633"},{"taxonomy":"post_tag","embeddable":true,"href":"https:\/\/museros.org\/inici\/wp-json\/wp\/v2\/tags?post=254633"},{"taxonomy":"wf_post_folders","embeddable":true,"href":"https:\/\/museros.org\/inici\/wp-json\/wp\/v2\/wf_post_folders?post=254633"}],"curies":[{"name":"wp","href":"https:\/\/api.w.org\/{rel}","templated":true}]}}