{"id":253961,"date":"2022-03-01T19:56:00","date_gmt":"2022-03-01T19:56:00","guid":{"rendered":"https:\/\/museros.org\/inici\/?p=253961"},"modified":"2022-03-22T18:07:07","modified_gmt":"2022-03-22T18:07:07","slug":"cinc-quilometres","status":"publish","type":"post","link":"https:\/\/museros.org\/inici\/cinc-quilometres\/","title":{"rendered":"Cinc quil\u00f2metres"},"content":{"rendered":"\n<h3 class=\"wp-block-heading\">Carrera solid\u00e0ria<\/h3>\n\n\n\n<p>Cinc quil\u00f2metres en favor de Duchenne Espa\u00f1a. A Museros, el dissabte 26 de mar\u00e7, a les 17.00 h.<br>Organitza: Grup de C\u00f2rrer Museros<br>Inscripcions:&nbsp;<a rel=\"noreferrer noopener\" href=\"https:\/\/cronorunner.com\/evento.php?ref=435-1582\" target=\"_blank\">www.cronorunner.com<\/a><\/p>\n","protected":false},"excerpt":{"rendered":"<p>Carrera solid\u00e0ria. Cinc quil\u00f2metres en favor de Duchenne Espa\u00f1a. A Museros, el dissabte 26 de mar\u00e7, a les 17.00 h.<\/p>\n","protected":false},"author":8,"featured_media":253953,"comment_status":"closed","ping_status":"closed","sticky":false,"template":"","format":"standard","meta":{"_et_pb_use_builder":"off","_et_pb_old_content":"<!-- wp:heading {\"level\":3} -->\n<h3>Carrera solid\u00e0ria<\/h3>\n<!-- \/wp:heading -->\n\n<!-- wp:paragraph -->\n<p>Cinc quil\u00f2metres en favor de Duchenne Espa\u00f1a. A Museros, el dissabte 26 de mar\u00e7, a les 17.00 h.<br>Organitza: Grup de C\u00f2rrer Museros<br>Inscripcions:\u00a0<a rel=\"noreferrer noopener\" href=\"https:\/\/cronorunner.com\/evento.php?ref=435-1582\" target=\"_blank\">www.cronorunner.com<\/a><\/p>\n<!-- \/wp:paragraph -->","_et_gb_content_width":"","footnotes":""},"categories":[1248],"tags":[],"wf_post_folders":[1239],"class_list":["post-253961","post","type-post","status-publish","format-standard","has-post-thumbnail","hentry","category-esportius"],"_links":{"self":[{"href":"https:\/\/museros.org\/inici\/wp-json\/wp\/v2\/posts\/253961","targetHints":{"allow":["GET"]}}],"collection":[{"href":"https:\/\/museros.org\/inici\/wp-json\/wp\/v2\/posts"}],"about":[{"href":"https:\/\/museros.org\/inici\/wp-json\/wp\/v2\/types\/post"}],"author":[{"embeddable":true,"href":"https:\/\/museros.org\/inici\/wp-json\/wp\/v2\/users\/8"}],"replies":[{"embeddable":true,"href":"https:\/\/museros.org\/inici\/wp-json\/wp\/v2\/comments?post=253961"}],"version-history":[{"count":6,"href":"https:\/\/museros.org\/inici\/wp-json\/wp\/v2\/posts\/253961\/revisions"}],"predecessor-version":[{"id":254081,"href":"https:\/\/museros.org\/inici\/wp-json\/wp\/v2\/posts\/253961\/revisions\/254081"}],"wp:featuredmedia":[{"embeddable":true,"href":"https:\/\/museros.org\/inici\/wp-json\/wp\/v2\/media\/253953"}],"wp:attachment":[{"href":"https:\/\/museros.org\/inici\/wp-json\/wp\/v2\/media?parent=253961"}],"wp:term":[{"taxonomy":"category","embeddable":true,"href":"https:\/\/museros.org\/inici\/wp-json\/wp\/v2\/categories?post=253961"},{"taxonomy":"post_tag","embeddable":true,"href":"https:\/\/museros.org\/inici\/wp-json\/wp\/v2\/tags?post=253961"},{"taxonomy":"wf_post_folders","embeddable":true,"href":"https:\/\/museros.org\/inici\/wp-json\/wp\/v2\/wf_post_folders?post=253961"}],"curies":[{"name":"wp","href":"https:\/\/api.w.org\/{rel}","templated":true}]}}