{"id":252854,"date":"2022-01-26T23:37:32","date_gmt":"2022-01-26T23:37:32","guid":{"rendered":"https:\/\/museros.org\/inici\/?p=252854"},"modified":"2022-03-18T09:16:32","modified_gmt":"2022-03-18T09:16:32","slug":"el-punto-movil-de-labora-visita-museros-2","status":"publish","type":"post","link":"https:\/\/museros.org\/inici\/es\/el-punto-movil-de-labora-visita-museros-2\/","title":{"rendered":"El punto m\u00f3vil de Labora visita Museros"},"content":{"rendered":"\n<p>Jueves 20 y viernes 21 de enero el bus itinerante de Labora estuvo en Museros para informar, divulgar y asesorar a la ciudadan\u00eda sobre los servicios de inserci\u00f3n laboral que ofrecen los Espais Labora.<\/p>\n\n\n\n<p>Algunas personas en desocupaci\u00f3n buscaron ofertas de trabajo, y otras empleadas aprovecharon para realizar consultas y gestiones sin tener que trasladarse a la oficina de Meliana.<\/p>\n\n\n\n<p>Despu\u00e9s de la visita en nuestro pueblo, Labora nos comunic\u00f3 que durante estos dos d\u00edas recibi\u00f3 a un total de 45 personas: 28 el jueves y 17 el viernes. Todo un \u00e9xito en comparaci\u00f3n en otros municipios y teniendo en cuenta el n\u00famero de habitantes de Museros.<\/p>\n\n\n\n<p>Nos alegramos de esta noticia y os invitamos a aprovechar este servicio tan c\u00f3modo las pr\u00f3ximas veces que nos visito. Iremos anunciando las nuevas fechas en nuestras redes sociales.<\/p>\n","protected":false},"excerpt":{"rendered":"<p>Jueves 20 y viernes 21 de enero el bus itinerante de Labora estuvo en Museros para informar, divulgar y asesorar a la ciudadan\u00eda sobre los servicios de inserci\u00f3n laboral que ofrecen los Espais Labora.<\/p>\n","protected":false},"author":8,"featured_media":251982,"comment_status":"closed","ping_status":"closed","sticky":false,"template":"","format":"standard","meta":{"_et_pb_use_builder":"off","_et_pb_old_content":"","_et_gb_content_width":"783","footnotes":""},"categories":[1146],"tags":[],"wf_post_folders":[1235,268],"class_list":["post-252854","post","type-post","status-publish","format-standard","has-post-thumbnail","hentry","category-empleo"],"_links":{"self":[{"href":"https:\/\/museros.org\/inici\/wp-json\/wp\/v2\/posts\/252854","targetHints":{"allow":["GET"]}}],"collection":[{"href":"https:\/\/museros.org\/inici\/wp-json\/wp\/v2\/posts"}],"about":[{"href":"https:\/\/museros.org\/inici\/wp-json\/wp\/v2\/types\/post"}],"author":[{"embeddable":true,"href":"https:\/\/museros.org\/inici\/wp-json\/wp\/v2\/users\/8"}],"replies":[{"embeddable":true,"href":"https:\/\/museros.org\/inici\/wp-json\/wp\/v2\/comments?post=252854"}],"version-history":[{"count":1,"href":"https:\/\/museros.org\/inici\/wp-json\/wp\/v2\/posts\/252854\/revisions"}],"predecessor-version":[{"id":252855,"href":"https:\/\/museros.org\/inici\/wp-json\/wp\/v2\/posts\/252854\/revisions\/252855"}],"wp:featuredmedia":[{"embeddable":true,"href":"https:\/\/museros.org\/inici\/wp-json\/wp\/v2\/media\/251982"}],"wp:attachment":[{"href":"https:\/\/museros.org\/inici\/wp-json\/wp\/v2\/media?parent=252854"}],"wp:term":[{"taxonomy":"category","embeddable":true,"href":"https:\/\/museros.org\/inici\/wp-json\/wp\/v2\/categories?post=252854"},{"taxonomy":"post_tag","embeddable":true,"href":"https:\/\/museros.org\/inici\/wp-json\/wp\/v2\/tags?post=252854"},{"taxonomy":"wf_post_folders","embeddable":true,"href":"https:\/\/museros.org\/inici\/wp-json\/wp\/v2\/wf_post_folders?post=252854"}],"curies":[{"name":"wp","href":"https:\/\/api.w.org\/{rel}","templated":true}]}}