{"id":252850,"date":"2022-01-26T00:35:00","date_gmt":"2022-01-26T00:35:00","guid":{"rendered":"https:\/\/museros.org\/inici\/?p=252850"},"modified":"2022-02-19T07:04:40","modified_gmt":"2022-02-19T07:04:40","slug":"el-punt-mobil-de-labora-visita-museros","status":"publish","type":"post","link":"https:\/\/museros.org\/inici\/el-punt-mobil-de-labora-visita-museros\/","title":{"rendered":"El punt m\u00f2bil de Labora visita Museros"},"content":{"rendered":"\n<p>Dijous 20 i divendres 21 de gener el bus itinerant de Labora va estar a Museros per a informar, divulgar i assessorar la ciutadania sobre els serveis d\u2019inserci\u00f3 laboral que ofereixen els Espais Labora.<\/p>\n\n\n\n<p>Algunes persones en desocupaci\u00f3 van buscar ofertes de treball, i altres empleades van aprofitar per a realitzar consultes i gestions sense haver de traslladar-se a l\u2019oficina de Meliana.<\/p>\n\n\n\n<p>Despr\u00e9s de la visita al nostre poble, Labora ens va comunicar que durant aquests dos dies va rebre a un total de 45 persones: 28 el dijous i 17 el divendres. Tot un \u00e8xit en comparaci\u00f3 a altres municipis i tenint en compte el n\u00famero d\u2019habitants de Museros.<\/p>\n\n\n\n<p>Ens alegrem d\u2019aquesta not\u00edcia i vos convidem a aprofitar aquest servei tan c\u00f2mode les pr\u00f2ximes vegades que ens visite. Anirem anunciant les noves dates en les nostres xarxes socials.<\/p>\n","protected":false},"excerpt":{"rendered":"<p>Dijous 20 i divendres 21 de gener el bus itinerant de Labora va estar a Museros per a informar, divulgar i assessorar la ciutadania sobre els serveis d\u2019inserci\u00f3 laboral que ofereixen els Espais Labora.<\/p>\n","protected":false},"author":8,"featured_media":251982,"comment_status":"closed","ping_status":"closed","sticky":false,"template":"","format":"standard","meta":{"_et_pb_use_builder":"off","_et_pb_old_content":"","_et_gb_content_width":"783","footnotes":""},"categories":[1116],"tags":[],"wf_post_folders":[268],"class_list":["post-252850","post","type-post","status-publish","format-standard","has-post-thumbnail","hentry","category-ocupacio"],"_links":{"self":[{"href":"https:\/\/museros.org\/inici\/wp-json\/wp\/v2\/posts\/252850","targetHints":{"allow":["GET"]}}],"collection":[{"href":"https:\/\/museros.org\/inici\/wp-json\/wp\/v2\/posts"}],"about":[{"href":"https:\/\/museros.org\/inici\/wp-json\/wp\/v2\/types\/post"}],"author":[{"embeddable":true,"href":"https:\/\/museros.org\/inici\/wp-json\/wp\/v2\/users\/8"}],"replies":[{"embeddable":true,"href":"https:\/\/museros.org\/inici\/wp-json\/wp\/v2\/comments?post=252850"}],"version-history":[{"count":2,"href":"https:\/\/museros.org\/inici\/wp-json\/wp\/v2\/posts\/252850\/revisions"}],"predecessor-version":[{"id":252853,"href":"https:\/\/museros.org\/inici\/wp-json\/wp\/v2\/posts\/252850\/revisions\/252853"}],"wp:featuredmedia":[{"embeddable":true,"href":"https:\/\/museros.org\/inici\/wp-json\/wp\/v2\/media\/251982"}],"wp:attachment":[{"href":"https:\/\/museros.org\/inici\/wp-json\/wp\/v2\/media?parent=252850"}],"wp:term":[{"taxonomy":"category","embeddable":true,"href":"https:\/\/museros.org\/inici\/wp-json\/wp\/v2\/categories?post=252850"},{"taxonomy":"post_tag","embeddable":true,"href":"https:\/\/museros.org\/inici\/wp-json\/wp\/v2\/tags?post=252850"},{"taxonomy":"wf_post_folders","embeddable":true,"href":"https:\/\/museros.org\/inici\/wp-json\/wp\/v2\/wf_post_folders?post=252850"}],"curies":[{"name":"wp","href":"https:\/\/api.w.org\/{rel}","templated":true}]}}