{"id":252667,"date":"2021-09-07T17:48:15","date_gmt":"2021-09-07T17:48:15","guid":{"rendered":"https:\/\/museros.org\/inici\/?p=252667"},"modified":"2022-02-24T09:14:02","modified_gmt":"2022-02-24T09:14:02","slug":"en-perspectiva-de-genero","status":"publish","type":"post","link":"https:\/\/museros.org\/inici\/es\/en-perspectiva-de-genero\/","title":{"rendered":"EN PERSPECTIVA DE G\u00c9NERO"},"content":{"rendered":"\n<p>Curso de promoci\u00f3n interna \u00abEn perspectiva de g\u00e9nero\u00bb para empleados y empleadas del ayuntamiento, que tendr\u00e1 lugar e la Casa de Cultura, el mi\u00e9rcoles 29 y jueves 30.<br>Dentro del programa Municipios adheridos a la red de municipios protegidos contra la violencia de g\u00e9nero, 2021.BDNS Identificador 557414, subvencionado por la Excelent\u00edsima Diputaci\u00f3n Provincial de Valencia.<br>Presentaci\u00f3n del video&nbsp;<strong>Entender la violencia de g\u00e9nero desde la mirada masculina<\/strong>.<\/p>\n\n\n\n<p><\/p>\n\n\n\n<figure class=\"wp-block-image size-full\"><a href=\"https:\/\/museros.org\/wp-content\/uploads\/2022\/02\/WhatsApp-Video-2022-02-14-at-10.50.15.mp4\" target=\"_blank\" rel=\"noopener\"><img loading=\"lazy\" decoding=\"async\" width=\"838\" height=\"437\" src=\"https:\/\/museros.org\/wp-content\/uploads\/2022\/02\/video-1.jpg\" alt=\"\" class=\"wp-image-252665\"\/><\/a><\/figure>\n","protected":false},"excerpt":{"rendered":"<p>Curso de promoci\u00f3n interna \u00abEn perspectiva de g\u00e9nero\u00bb para empleados y empleadas del ayuntamiento, que tendr\u00e1 lugar e la Casa de Cultura, el mi\u00e9rcoles 29 y jueves 30.<\/p>\n","protected":false},"author":8,"featured_media":252664,"comment_status":"closed","ping_status":"closed","sticky":false,"template":"","format":"standard","meta":{"_et_pb_use_builder":"off","_et_pb_old_content":"","_et_gb_content_width":"783","footnotes":""},"categories":[1150],"tags":[],"wf_post_folders":[266],"class_list":["post-252667","post","type-post","status-publish","format-standard","has-post-thumbnail","hentry","category-igualdad-de-genero"],"_links":{"self":[{"href":"https:\/\/museros.org\/inici\/wp-json\/wp\/v2\/posts\/252667","targetHints":{"allow":["GET"]}}],"collection":[{"href":"https:\/\/museros.org\/inici\/wp-json\/wp\/v2\/posts"}],"about":[{"href":"https:\/\/museros.org\/inici\/wp-json\/wp\/v2\/types\/post"}],"author":[{"embeddable":true,"href":"https:\/\/museros.org\/inici\/wp-json\/wp\/v2\/users\/8"}],"replies":[{"embeddable":true,"href":"https:\/\/museros.org\/inici\/wp-json\/wp\/v2\/comments?post=252667"}],"version-history":[{"count":4,"href":"https:\/\/museros.org\/inici\/wp-json\/wp\/v2\/posts\/252667\/revisions"}],"predecessor-version":[{"id":252904,"href":"https:\/\/museros.org\/inici\/wp-json\/wp\/v2\/posts\/252667\/revisions\/252904"}],"wp:featuredmedia":[{"embeddable":true,"href":"https:\/\/museros.org\/inici\/wp-json\/wp\/v2\/media\/252664"}],"wp:attachment":[{"href":"https:\/\/museros.org\/inici\/wp-json\/wp\/v2\/media?parent=252667"}],"wp:term":[{"taxonomy":"category","embeddable":true,"href":"https:\/\/museros.org\/inici\/wp-json\/wp\/v2\/categories?post=252667"},{"taxonomy":"post_tag","embeddable":true,"href":"https:\/\/museros.org\/inici\/wp-json\/wp\/v2\/tags?post=252667"},{"taxonomy":"wf_post_folders","embeddable":true,"href":"https:\/\/museros.org\/inici\/wp-json\/wp\/v2\/wf_post_folders?post=252667"}],"curies":[{"name":"wp","href":"https:\/\/api.w.org\/{rel}","templated":true}]}}