{"id":252663,"date":"2021-09-07T17:46:04","date_gmt":"2021-09-07T17:46:04","guid":{"rendered":"https:\/\/museros.org\/inici\/?p=252663"},"modified":"2022-02-21T10:09:53","modified_gmt":"2022-02-21T10:09:53","slug":"en-perspectiva-de-genere","status":"publish","type":"post","link":"https:\/\/museros.org\/inici\/en-perspectiva-de-genere\/","title":{"rendered":"EN PERSPECTIVA DE G\u00c8NERE"},"content":{"rendered":"\n<p>Curs de promoci\u00f3 interna \u201cEn perspectiva de g\u00e8nere\u201d per a empleats i empleades de l\u2019ajuntament, que tindr\u00e0 lloc e la Casa de Cultura, el dimecres 29 i dijous 30.<br>Dins del programa Municipis adherits a la xarxa de municipis protegits contra la viol\u00e8ncia de g\u00e8nere, 2021.BDNS Identificador 557414, subvencionat per la Excel\u00b7lent\u00edssima Diputaci\u00f3 Provincial de Val\u00e8ncia.<br>Presentaci\u00f3 del v\u00eddeo Entendre la viol\u00e8ncia de g\u00e8nere des de la mirada masculina<\/p>\n\n\n\n<p><\/p>\n\n\n\n<figure class=\"wp-block-image size-full\"><a href=\"https:\/\/museros.org\/wp-content\/uploads\/2022\/02\/WhatsApp-Video-2022-02-14-at-10.50.15.mp4\" target=\"_blank\" rel=\"noopener\"><img loading=\"lazy\" decoding=\"async\" width=\"838\" height=\"437\" src=\"https:\/\/museros.org\/wp-content\/uploads\/2022\/02\/video-1.jpg\" alt=\"\" class=\"wp-image-252665\"\/><\/a><\/figure>\n","protected":false},"excerpt":{"rendered":"<p>Curs de promoci\u00f3 interna \u201cEn perspectiva de g\u00e8nere\u201d per a empleats i empleades de l\u2019ajuntament, que tindr\u00e0 lloc e la Casa de Cultura, el dimecres 29 i dijous 30.<\/p>\n","protected":false},"author":8,"featured_media":252664,"comment_status":"closed","ping_status":"closed","sticky":false,"template":"","format":"standard","meta":{"_et_pb_use_builder":"off","_et_pb_old_content":"","_et_gb_content_width":"783","footnotes":""},"categories":[1103],"tags":[],"wf_post_folders":[266],"class_list":["post-252663","post","type-post","status-publish","format-standard","has-post-thumbnail","hentry","category-igualtat-de-genere"],"_links":{"self":[{"href":"https:\/\/museros.org\/inici\/wp-json\/wp\/v2\/posts\/252663","targetHints":{"allow":["GET"]}}],"collection":[{"href":"https:\/\/museros.org\/inici\/wp-json\/wp\/v2\/posts"}],"about":[{"href":"https:\/\/museros.org\/inici\/wp-json\/wp\/v2\/types\/post"}],"author":[{"embeddable":true,"href":"https:\/\/museros.org\/inici\/wp-json\/wp\/v2\/users\/8"}],"replies":[{"embeddable":true,"href":"https:\/\/museros.org\/inici\/wp-json\/wp\/v2\/comments?post=252663"}],"version-history":[{"count":4,"href":"https:\/\/museros.org\/inici\/wp-json\/wp\/v2\/posts\/252663\/revisions"}],"predecessor-version":[{"id":252905,"href":"https:\/\/museros.org\/inici\/wp-json\/wp\/v2\/posts\/252663\/revisions\/252905"}],"wp:featuredmedia":[{"embeddable":true,"href":"https:\/\/museros.org\/inici\/wp-json\/wp\/v2\/media\/252664"}],"wp:attachment":[{"href":"https:\/\/museros.org\/inici\/wp-json\/wp\/v2\/media?parent=252663"}],"wp:term":[{"taxonomy":"category","embeddable":true,"href":"https:\/\/museros.org\/inici\/wp-json\/wp\/v2\/categories?post=252663"},{"taxonomy":"post_tag","embeddable":true,"href":"https:\/\/museros.org\/inici\/wp-json\/wp\/v2\/tags?post=252663"},{"taxonomy":"wf_post_folders","embeddable":true,"href":"https:\/\/museros.org\/inici\/wp-json\/wp\/v2\/wf_post_folders?post=252663"}],"curies":[{"name":"wp","href":"https:\/\/api.w.org\/{rel}","templated":true}]}}