{"id":252657,"date":"2021-03-02T17:37:09","date_gmt":"2021-03-02T17:37:09","guid":{"rendered":"https:\/\/museros.org\/inici\/?p=252657"},"modified":"2022-03-15T08:09:28","modified_gmt":"2022-03-15T08:09:28","slug":"actas-de-seleccion-del-programa-empuju","status":"publish","type":"post","link":"https:\/\/museros.org\/inici\/es\/actas-de-seleccion-del-programa-empuju\/","title":{"rendered":"ACTAS DE SELECCI\u00d3N DEL PROGRAMA EMPUJU"},"content":{"rendered":"\n<p>Actas de selecci\u00f3n del programa EMPUJU 2021, de subvenciones destinadas a la contrataci\u00f3n de personas desempleadas menores de 30 a\u00f1os de edad, por entidades locales de la Comunidad Valenciana, en el marco del Programa Operativo del Fondo Social Europeo 2014-2020.<br>Las personas interesadas tienen cinco d\u00edas h\u00e1biles, a contar desde el d\u00eda siguiente a la fecha del acta, para presentar, ante la comisi\u00f3n de baremaci\u00f3n, las reclamaciones o alegaciones que estiman adecuadas.<\/p>\n","protected":false},"excerpt":{"rendered":"<p>Actas de selecci\u00f3n del programa EMPUJU 2021, de subvenciones destinadas a la contrataci\u00f3n de personas desempleadas menores de 30 a\u00f1os de edad, por entidades locales de la Comunidad Valenciana.<\/p>\n","protected":false},"author":8,"featured_media":252640,"comment_status":"closed","ping_status":"closed","sticky":false,"template":"","format":"standard","meta":{"_et_pb_use_builder":"off","_et_pb_old_content":"","_et_gb_content_width":"783","footnotes":""},"categories":[1146],"tags":[],"wf_post_folders":[1235],"class_list":["post-252657","post","type-post","status-publish","format-standard","has-post-thumbnail","hentry","category-empleo"],"_links":{"self":[{"href":"https:\/\/museros.org\/inici\/wp-json\/wp\/v2\/posts\/252657","targetHints":{"allow":["GET"]}}],"collection":[{"href":"https:\/\/museros.org\/inici\/wp-json\/wp\/v2\/posts"}],"about":[{"href":"https:\/\/museros.org\/inici\/wp-json\/wp\/v2\/types\/post"}],"author":[{"embeddable":true,"href":"https:\/\/museros.org\/inici\/wp-json\/wp\/v2\/users\/8"}],"replies":[{"embeddable":true,"href":"https:\/\/museros.org\/inici\/wp-json\/wp\/v2\/comments?post=252657"}],"version-history":[{"count":2,"href":"https:\/\/museros.org\/inici\/wp-json\/wp\/v2\/posts\/252657\/revisions"}],"predecessor-version":[{"id":252832,"href":"https:\/\/museros.org\/inici\/wp-json\/wp\/v2\/posts\/252657\/revisions\/252832"}],"wp:featuredmedia":[{"embeddable":true,"href":"https:\/\/museros.org\/inici\/wp-json\/wp\/v2\/media\/252640"}],"wp:attachment":[{"href":"https:\/\/museros.org\/inici\/wp-json\/wp\/v2\/media?parent=252657"}],"wp:term":[{"taxonomy":"category","embeddable":true,"href":"https:\/\/museros.org\/inici\/wp-json\/wp\/v2\/categories?post=252657"},{"taxonomy":"post_tag","embeddable":true,"href":"https:\/\/museros.org\/inici\/wp-json\/wp\/v2\/tags?post=252657"},{"taxonomy":"wf_post_folders","embeddable":true,"href":"https:\/\/museros.org\/inici\/wp-json\/wp\/v2\/wf_post_folders?post=252657"}],"curies":[{"name":"wp","href":"https:\/\/api.w.org\/{rel}","templated":true}]}}